
{"id":111958,"date":"2023-08-10T16:37:35","date_gmt":"2023-08-10T19:37:35","guid":{"rendered":"https:\/\/www.sudoestehoje.com.br\/novoportal\/?p=111958"},"modified":"2023-08-10T16:52:54","modified_gmt":"2023-08-10T19:52:54","slug":"itapetinga-rodrigo-faz-mudancas-no-primeiro-escalao-do-governo","status":"publish","type":"post","link":"https:\/\/www.sudoestehoje.com.br\/novoportal\/2023\/08\/10\/itapetinga-rodrigo-faz-mudancas-no-primeiro-escalao-do-governo\/","title":{"rendered":"ITAPETINGA | RODRIGO FAZ MUDAN\u00c7AS NO PRIMEIRO ESCAL\u00c3O DO GOVERNO"},"content":{"rendered":"<p><img loading=\"lazy\" decoding=\"async\" class=\"alignnone size-full wp-image-111341\" src=\"https:\/\/www.sudoestehoje.com.br\/novoportal\/wp-content\/uploads\/2023\/07\/BANNER-LINEUP-550x100-2.gif\" alt=\"\" width=\"550\" height=\"100\" \/><\/p>\n<p><img loading=\"lazy\" decoding=\"async\" class=\"alignnone wp-image-111960\" src=\"https:\/\/www.sudoestehoje.com.br\/novoportal\/wp-content\/uploads\/2023\/08\/Artigo-Destaque_01215655_00-ScaleDownProportional-600x382.webp\" alt=\"\" width=\"550\" height=\"350\" srcset=\"https:\/\/www.sudoestehoje.com.br\/novoportal\/wp-content\/uploads\/2023\/08\/Artigo-Destaque_01215655_00-ScaleDownProportional-600x382.webp 600w, https:\/\/www.sudoestehoje.com.br\/novoportal\/wp-content\/uploads\/2023\/08\/Artigo-Destaque_01215655_00-ScaleDownProportional-700x446.webp 700w, https:\/\/www.sudoestehoje.com.br\/novoportal\/wp-content\/uploads\/2023\/08\/Artigo-Destaque_01215655_00-ScaleDownProportional-768x489.webp 768w, https:\/\/www.sudoestehoje.com.br\/novoportal\/wp-content\/uploads\/2023\/08\/Artigo-Destaque_01215655_00-ScaleDownProportional.webp 874w\" sizes=\"auto, (max-width: 550px) 100vw, 550px\" \/><\/p>\n<p><strong>Na tarde desta quinta-feira, o prefeito Rodrigo Hagge anunciou uma mexida no seu primeiro escal\u00e3o, remanejando titulares do governo em v\u00e1rias secretarias. Confira:<\/strong><\/p>\n<p><strong>Darwin Nunes (Dai) sai do gabinete e assume a Secretaria de Administra\u00e7\u00e3o;<\/strong><\/p>\n<p><strong>Carlito Ferraz assume a Secretaria de Finan\u00e7as;<\/strong><\/p>\n<p><strong>Orlando Ribeiro foi deslocado para a Chefia de Gabinete;<\/strong><\/p>\n<p><strong>Z\u00e9 Renan assume interinamente a Secretaria de Transporte no lugar de Daniel Moreira.<\/strong><\/p>\n<p><strong>No in\u00edcio da semana, a nomea\u00e7\u00e3o da vereadora Manu Brand\u00e3o para a Secretaria do Desenvolvimento Social, em lugar da advogada Andreia Carolina (Dra. Carol), j\u00e1 havia sido antecipada pelo<em> Sudoeste Hoje<\/em> e acaba de ser confirmada pelo prefeito.<\/strong><\/p>\n<p><strong>As nomea\u00e7\u00f5es e exonera\u00e7\u00f5es dever\u00e3o ser publicadas no Di\u00e1rio Oficial desta quinta-feira.<\/strong><\/p>\n<p><a href=\"http:\/\/www.itapetinga.ba.gov.br\/prefeito-rodrigo-hagge-faz-mudancas-em-seu-primeiro-escalao\/\"><span style=\"color: #0000ff;\"><strong>CONFIRA MAT\u00c9RIA DA ASCOM\/PMI<\/strong><\/span><\/a><\/p>\n<p><strong>Por Davi Ferraz\u00a0<\/strong><\/p>\n","protected":false},"excerpt":{"rendered":"<p>Na tarde desta quinta-feira, o prefeito Rodrigo Hagge anunciou uma mexida no seu primeiro escal\u00e3o, remanejando titulares do governo em v\u00e1rias secretarias. Confira: Darwin Nunes (Dai) sai do gabinete e assume a Secretaria de Administra\u00e7\u00e3o; Carlito Ferraz assume a Secretaria de Finan\u00e7as; Orlando Ribeiro foi deslocado para a Chefia de Gabinete; Z\u00e9 Renan assume interinamente [&hellip;]<\/p>\n","protected":false},"author":2,"featured_media":111960,"comment_status":"closed","ping_status":"open","sticky":false,"template":"","format":"standard","meta":{"footnotes":"","_links_to":"","_links_to_target":""},"categories":[1],"tags":[],"class_list":["post-111958","post","type-post","status-publish","format-standard","has-post-thumbnail","hentry","category-geral"],"views":1348,"_links":{"self":[{"href":"https:\/\/www.sudoestehoje.com.br\/novoportal\/wp-json\/wp\/v2\/posts\/111958","targetHints":{"allow":["GET"]}}],"collection":[{"href":"https:\/\/www.sudoestehoje.com.br\/novoportal\/wp-json\/wp\/v2\/posts"}],"about":[{"href":"https:\/\/www.sudoestehoje.com.br\/novoportal\/wp-json\/wp\/v2\/types\/post"}],"author":[{"embeddable":true,"href":"https:\/\/www.sudoestehoje.com.br\/novoportal\/wp-json\/wp\/v2\/users\/2"}],"replies":[{"embeddable":true,"href":"https:\/\/www.sudoestehoje.com.br\/novoportal\/wp-json\/wp\/v2\/comments?post=111958"}],"version-history":[{"count":6,"href":"https:\/\/www.sudoestehoje.com.br\/novoportal\/wp-json\/wp\/v2\/posts\/111958\/revisions"}],"predecessor-version":[{"id":111965,"href":"https:\/\/www.sudoestehoje.com.br\/novoportal\/wp-json\/wp\/v2\/posts\/111958\/revisions\/111965"}],"wp:featuredmedia":[{"embeddable":true,"href":"https:\/\/www.sudoestehoje.com.br\/novoportal\/wp-json\/wp\/v2\/media\/111960"}],"wp:attachment":[{"href":"https:\/\/www.sudoestehoje.com.br\/novoportal\/wp-json\/wp\/v2\/media?parent=111958"}],"wp:term":[{"taxonomy":"category","embeddable":true,"href":"https:\/\/www.sudoestehoje.com.br\/novoportal\/wp-json\/wp\/v2\/categories?post=111958"},{"taxonomy":"post_tag","embeddable":true,"href":"https:\/\/www.sudoestehoje.com.br\/novoportal\/wp-json\/wp\/v2\/tags?post=111958"}],"curies":[{"name":"wp","href":"https:\/\/api.w.org\/{rel}","templated":true}]}}