
{"id":111943,"date":"2023-08-10T09:44:01","date_gmt":"2023-08-10T12:44:01","guid":{"rendered":"https:\/\/www.sudoestehoje.com.br\/novoportal\/?p=111943"},"modified":"2023-08-10T10:00:04","modified_gmt":"2023-08-10T13:00:04","slug":"itapetinga-acidentes-envolvendo-animais-na-pista-confirmam-necessidade-de-iluminacao-do-trecho-urbano-da-ba-263","status":"publish","type":"post","link":"https:\/\/www.sudoestehoje.com.br\/novoportal\/2023\/08\/10\/itapetinga-acidentes-envolvendo-animais-na-pista-confirmam-necessidade-de-iluminacao-do-trecho-urbano-da-ba-263\/","title":{"rendered":"ITAPETINGA | ACIDENTES ENVOLVENDO ANIMAIS NA PISTA CONFIRMAM NECESSIDADE DE ILUMINA\u00c7\u00c3O DO TRECHO URBANO DA BA-263"},"content":{"rendered":"<p><img loading=\"lazy\" decoding=\"async\" class=\"alignnone size-full wp-image-111341\" src=\"https:\/\/www.sudoestehoje.com.br\/novoportal\/wp-content\/uploads\/2023\/07\/BANNER-LINEUP-550x100-2.gif\" alt=\"\" width=\"550\" height=\"100\" \/><\/p>\n<p><img loading=\"lazy\" decoding=\"async\" class=\"alignnone wp-image-111946\" src=\"https:\/\/www.sudoestehoje.com.br\/novoportal\/wp-content\/uploads\/2023\/08\/Screenshot_20230809_230741_Instagram-531x600-1.jpg\" alt=\"\" width=\"551\" height=\"341\" \/><\/p>\n<p><strong>Em um curto per\u00edodo de 10 dias, dois acidentes graves aconteceram no trecho urbano da BA-263, entre o JBS e a Serra das Torres, causando uma morte e um ferido grave, em Itapetinga. Em ambos os casos, motocicletas se chocaram com animais soltos na pista (um cavalo e depois um cachorro), no meio da escurid\u00e3o.<\/strong><\/p>\n<p><strong>Coincidentemente, em uma mat\u00e9ria postada no Sudoeste Hoje, o pr\u00e9-candidato a prefeito Davi Ferraz j\u00e1 chamava \u00e0 aten\u00e7\u00e3o para o problema, propondo ao Governo do Estado a ilumina\u00e7\u00e3o de todo o trecho entre o trevo da Azaleia e o posto da Pol\u00edcia Rodovi\u00e1ria, como forma de trazer mais seguran\u00e7a a quem trafega pela rodovia.<\/strong><\/p>\n<p><img loading=\"lazy\" decoding=\"async\" class=\"alignnone  wp-image-111949\" src=\"https:\/\/www.sudoestehoje.com.br\/novoportal\/wp-content\/uploads\/2023\/08\/1a34e22c-d78a-4149-87d6-022e707ca238-600x668.jpg\" alt=\"\" width=\"549\" height=\"611\" srcset=\"https:\/\/www.sudoestehoje.com.br\/novoportal\/wp-content\/uploads\/2023\/08\/1a34e22c-d78a-4149-87d6-022e707ca238-600x668.jpg 600w, https:\/\/www.sudoestehoje.com.br\/novoportal\/wp-content\/uploads\/2023\/08\/1a34e22c-d78a-4149-87d6-022e707ca238-700x780.jpg 700w, https:\/\/www.sudoestehoje.com.br\/novoportal\/wp-content\/uploads\/2023\/08\/1a34e22c-d78a-4149-87d6-022e707ca238-768x855.jpg 768w, https:\/\/www.sudoestehoje.com.br\/novoportal\/wp-content\/uploads\/2023\/08\/1a34e22c-d78a-4149-87d6-022e707ca238.jpg 1080w\" sizes=\"auto, (max-width: 549px) 100vw, 549px\" \/><\/p>\n<p><strong><em>&#8220;A BA-263, nesse trecho, \u00e9 quase toda escura e remendada, expondo os condutores de ve\u00edculos, principalmente os motociclistas, a riscos de vida e integridade f\u00edsica permanentemente. N\u00e3o fiz a alerta para angariar votos e prest\u00edgio pol\u00edtico, mas por extrema necessidade e coer\u00eancia com a popula\u00e7\u00e3o, que j\u00e1 vem reclamando desse problema h\u00e1 anos&#8221;<\/em>, reiterou Davi Ferraz, autor da proposta ao governo.<\/strong><\/p>\n<p><strong>Davi disse ainda que espera dos aliados do governo mais sensibilidade nas quest\u00f5es administrativas locais, ao inv\u00e9s de ficarem envolvidos na disputa por cargos p\u00fablicos e prest\u00edgio pol\u00edtico, o que n\u00e3o interessa \u00e0 popula\u00e7\u00e3o.<em> &#8220;\u00c9 mais \u00fatil o pol\u00edtico que foca sua for\u00e7a para trazer benef\u00edcios \u00e0 cidade, do que aqueles que brigam por posi\u00e7\u00f5es e demandas pessoais, \u00e0 revelia do povo. Esses s\u00e3o verdadeiros parasitas e n\u00e3o nos representam&#8221;<\/em>, finalizou Davi.<\/strong><\/p>\n<p><strong>O pedido de ilumina\u00e7\u00e3o da rodovia foi encaminha \u00e0 SEINFRA, por via eletr\u00f4nica, ao Secret\u00e1rio Sergio Brito.<\/strong><\/p>\n<p><strong>Por Davi Ferraz<\/strong><\/p>\n","protected":false},"excerpt":{"rendered":"<p>Em um curto per\u00edodo de 10 dias, dois acidentes graves aconteceram no trecho urbano da BA-263, entre o JBS e a Serra das Torres, causando uma morte e um ferido grave, em Itapetinga. Em ambos os casos, motocicletas se chocaram com animais soltos na pista (um cavalo e depois um cachorro), no meio da escurid\u00e3o. [&hellip;]<\/p>\n","protected":false},"author":2,"featured_media":111949,"comment_status":"closed","ping_status":"open","sticky":false,"template":"","format":"standard","meta":{"footnotes":"","_links_to":"","_links_to_target":""},"categories":[1],"tags":[],"class_list":["post-111943","post","type-post","status-publish","format-standard","has-post-thumbnail","hentry","category-geral"],"views":1035,"_links":{"self":[{"href":"https:\/\/www.sudoestehoje.com.br\/novoportal\/wp-json\/wp\/v2\/posts\/111943","targetHints":{"allow":["GET"]}}],"collection":[{"href":"https:\/\/www.sudoestehoje.com.br\/novoportal\/wp-json\/wp\/v2\/posts"}],"about":[{"href":"https:\/\/www.sudoestehoje.com.br\/novoportal\/wp-json\/wp\/v2\/types\/post"}],"author":[{"embeddable":true,"href":"https:\/\/www.sudoestehoje.com.br\/novoportal\/wp-json\/wp\/v2\/users\/2"}],"replies":[{"embeddable":true,"href":"https:\/\/www.sudoestehoje.com.br\/novoportal\/wp-json\/wp\/v2\/comments?post=111943"}],"version-history":[{"count":6,"href":"https:\/\/www.sudoestehoje.com.br\/novoportal\/wp-json\/wp\/v2\/posts\/111943\/revisions"}],"predecessor-version":[{"id":111950,"href":"https:\/\/www.sudoestehoje.com.br\/novoportal\/wp-json\/wp\/v2\/posts\/111943\/revisions\/111950"}],"wp:featuredmedia":[{"embeddable":true,"href":"https:\/\/www.sudoestehoje.com.br\/novoportal\/wp-json\/wp\/v2\/media\/111949"}],"wp:attachment":[{"href":"https:\/\/www.sudoestehoje.com.br\/novoportal\/wp-json\/wp\/v2\/media?parent=111943"}],"wp:term":[{"taxonomy":"category","embeddable":true,"href":"https:\/\/www.sudoestehoje.com.br\/novoportal\/wp-json\/wp\/v2\/categories?post=111943"},{"taxonomy":"post_tag","embeddable":true,"href":"https:\/\/www.sudoestehoje.com.br\/novoportal\/wp-json\/wp\/v2\/tags?post=111943"}],"curies":[{"name":"wp","href":"https:\/\/api.w.org\/{rel}","templated":true}]}}