
{"id":111935,"date":"2023-08-09T22:51:11","date_gmt":"2023-08-10T01:51:11","guid":{"rendered":"https:\/\/www.sudoestehoje.com.br\/novoportal\/?p=111935"},"modified":"2023-08-09T23:37:13","modified_gmt":"2023-08-10T02:37:13","slug":"baixas-temperatura-x-comercio-aquecido-vendas-em-conquista-aumentam-com-a-aproximacao-do-festival-de-inverno-bahia","status":"publish","type":"post","link":"https:\/\/www.sudoestehoje.com.br\/novoportal\/2023\/08\/09\/baixas-temperatura-x-comercio-aquecido-vendas-em-conquista-aumentam-com-a-aproximacao-do-festival-de-inverno-bahia\/","title":{"rendered":"BAIXAS TEMPERATURA X COM\u00c9RCIO AQUECIDO: VENDAS EM CONQUISTA AUMENTAM  COM A APROXIMA\u00c7\u00c3O DO FESTIVAL DE INVERNO BAHIA"},"content":{"rendered":"<p><b>\u00a0<i>\u00a0A cidade de Vit\u00f3ria da Conquista j\u00e1 est\u00e1 em contagem regressiva para a realiza\u00e7\u00e3o da 17\u00aa edi\u00e7\u00e3o do Festival de Inverno Bahia (FIB) e as temperaturas t\u00eam feito jus ao frio esperado para este per\u00edodo.\u00a0\u00a0<\/i><\/b><\/p>\n<p><img loading=\"lazy\" decoding=\"async\" class=\"alignnone wp-image-111936\" src=\"https:\/\/www.sudoestehoje.com.br\/novoportal\/wp-content\/uploads\/2023\/08\/unnamed-600x315.jpg\" alt=\"\" width=\"551\" height=\"289\" srcset=\"https:\/\/www.sudoestehoje.com.br\/novoportal\/wp-content\/uploads\/2023\/08\/unnamed-600x315.jpg 600w, https:\/\/www.sudoestehoje.com.br\/novoportal\/wp-content\/uploads\/2023\/08\/unnamed-700x367.jpg 700w, https:\/\/www.sudoestehoje.com.br\/novoportal\/wp-content\/uploads\/2023\/08\/unnamed-768x403.jpg 768w, https:\/\/www.sudoestehoje.com.br\/novoportal\/wp-content\/uploads\/2023\/08\/unnamed.jpg 999w\" sizes=\"auto, (max-width: 551px) 100vw, 551px\" \/><\/p>\n<div>\n<p><strong>A esta\u00e7\u00e3o mais gelada do ano aumentou a demanda por itens como luvas, gorros, cachec\u00f3is e blus\u00f5es, impulsionando o setor varejista a atender \u00e0s necessidades dos consumidores. Al\u00e9m do clima frio visto nas \u00faltimas semanas, que vem registrando m\u00ednimas entre de 8,5 a 12 graus, o FIB tem desempenhado um papel crucial no aquecimento da economia local, atraindo uma grande quantidade de turistas e visitantes para a cidade, gerando uma demanda adicional neste per\u00edodo do ano.<\/strong><\/p>\n<p><strong>Os comerciantes aproveitam essa oportunidade para oferecer produtos exclusivos e diversificados, atendendo \u00e0s expectativas dos participantes do evento. De acordo com Ricardo Alves, gerente do Aeroporto Glauber Rocha, de Vit\u00f3ria da Conquista, o preparo de recebimento dos turistas por meio a\u00e9reo j\u00e1 come\u00e7ou h\u00e1 alguns meses: &#8220;O aeroporto Glauber Rocha se disp\u00f5e a ser porta de entrada para quem deseja desfrutar do t\u00e3o aguardado Festival de Inverno da Bahia. Entre os dias 24 e 27 de agosto, esperamos cerca de 6.200 passageiros entre embarques e desembarques. Durante o per\u00edodo, a previs\u00e3o \u00e9 de 22 voos regulares da Azul, da LATAM e da GOL para Salvador (BA), Confins (MG) e Guarulhos (SP). Nossas equipes est\u00e3o preparadas para promover experi\u00eancias de viagem seguras e confort\u00e1veis para todos os clientes\u201d, afirma.\u00a0\u00a0<\/strong><\/p>\n<p><strong>O presidente da C\u00e2mara de Dirigentes Lojistas (CDL) de Vit\u00f3ria da Conquista, M\u00e1rcio Pedro da Costa, conta que a estimativa de vendas para este per\u00edodo \u00e9, em m\u00e9dia, 15% maior, mas a previs\u00e3o pode ser superada com a realiza\u00e7\u00e3o do FIB. \u201cO Festival de Inverno j\u00e1 faz parte do calend\u00e1rio comercial do m\u00eas de agosto, em Vit\u00f3ria da Conquista. Os lojistas, principalmente dos setores de vestu\u00e1rio, cal\u00e7ados, acess\u00f3rios, cosm\u00e9ticos, preparam, com grande expectativa, os estoques direcionados ao evento\u201d.<\/strong><\/p>\n<p><strong>Refor\u00e7ando as an\u00e1lises feitas pela CDL, os empres\u00e1rios t\u00eam reconhecido a import\u00e2ncia do FIB para a economia da cidade. Marcela Bomfim, Gerente de Venda Direta da franquia O Botic\u00e1rio, tem notado diretamente o resultado do festival dentro do seu neg\u00f3cio. &#8220;Vemos, nessa \u00e9poca, o aumento na procura por produtos de beleza, maquiagens, perfumes e outros produtos ou servi\u00e7os, de forma geral. \u00c9 um festival que tem a cara de Conquista, do frio, da alegria e que aquece nossas vendas durante o m\u00eas de agosto\u201d.\u00a0 \u00a0<\/strong><\/p>\n<p><strong>Virada<\/strong><\/p>\n<p><strong>E para quem ainda quer comprar ingresso pelo valor atual, \u00e9 bom se adiantar. A quinta virada de lote \u00e9 neste s\u00e1bado (12). Os ingressos est\u00e3o sendo vendidos em Salvador, Vit\u00f3ria da Conquista, Po\u00e7\u00f5es e tamb\u00e9m na plataforma Sympla. \u00a0\u00a0<\/strong><\/p>\n<p><strong>\u00a0\u00a0<\/strong><strong><span lang=\"PT-BR\">A produ\u00e7\u00e3o do Festival de Inverno Bahia \u00e9 assinada\u202fpela Bahia\u202fEventos, empresa de entretenimento da Rede Bahia, em parceria com a TV Sudoeste.<\/span><span lang=\"PT-BR\">\u202f<\/span>\u00a0<\/strong><\/p>\n<p><strong><span lang=\"PT-BR\">SERVI\u00c7O\u00a0<\/span>\u00a0<\/strong><\/p>\n<div>\n<div>\n<p><strong><span lang=\"PT-BR\">Festival de Inverno Bahia 2023\u00a0<\/span>\u00a0<\/strong><\/p>\n<\/div>\n<div>\n<p><strong><span lang=\"PT-BR\">Quando:\u00a0<\/span><span lang=\"PT-BR\">25 a 27\/08\/2023\u00a0<\/span>\u00a0<\/strong><\/p>\n<\/div>\n<div>\n<p><strong><span lang=\"PT-BR\">Onde:\u00a0<\/span><span lang=\"PT-BR\">Parque de Exposi\u00e7\u00f5es\u00a0Teopompo\u00a0de Almeida &#8211; Vit\u00f3ria da Conquista (Ba)\u00a0<\/span>\u00a0<\/strong><\/p>\n<\/div>\n<div>\n<p><strong><span lang=\"PT-BR\">Classifica\u00e7\u00e3o:\u00a0<\/span><span lang=\"PT-BR\">16 anos\u00a0<\/span>\u00a0<\/strong><\/p>\n<\/div>\n<div>\n<p><strong><span lang=\"PT-BR\">Abertura dos port\u00f5es:\u00a0<\/span><span lang=\"PT-BR\">25 e 26 de agosto 19h, 27 de agosto 18h\u00a0<\/span>\u00a0<\/strong><\/p>\n<\/div>\n<div>\n<p><strong><span lang=\"PT-BR\">Meia-entrada:\u00a0<\/span><span lang=\"PT-BR\">Al\u00e9m de estudantes, outros segmentos t\u00eam direito \u00e0 meia-entrada, segundo a lei 12.933\/2013. Em ambos os casos, \u00e9 obrigat\u00f3ria a apresenta\u00e7\u00e3o de documentos comprobat\u00f3rios. Mais informa\u00e7\u00f5es, acesse\u00a0<\/span><a href=\"https:\/\/bileto.sympla.com.br\/meia-entrada\/bahia.html\" target=\"_blank\" rel=\"noreferrer noopener\" data-saferedirecturl=\"https:\/\/www.google.com\/url?q=https:\/\/bileto.sympla.com.br\/meia-entrada\/bahia.html&amp;source=gmail&amp;ust=1691718137724000&amp;usg=AOvVaw2dW1qgp_zfg5zJdsuJcJ5L\"><span lang=\"PT-BR\">https:\/\/bileto.sympla.<wbr \/>com.br\/meia-entrada\/bahia.html<\/span><\/a><span lang=\"PT-BR\"><wbr \/>\u00a0<\/span>\u00a0<\/strong><\/p>\n<\/div>\n<div>\n<p><strong><span lang=\"PT-BR\">Vendas:<\/span><span lang=\"PT-BR\">\u00a0<\/span>\u00a0<\/strong><\/p>\n<\/div>\n<div>\n<div>\n<div>\n<p><strong><span lang=\"PT-BR\">Plataforma\u00a0Sympla\u00a0e nos seguintes pontos fixos:<\/span>\u00a0<\/strong><\/p>\n<\/div>\n<ul>\n<li><strong>Vit\u00f3ria da Conquista:\u00a0Boulevard Shopping (loja Raphaella Booz), Central de Ingressos (Shopping Conquista Sul e Galeria Panvicon), Banca Central (Pra\u00e7a Bar\u00e3o do Rio Branco), Loja Taco (Av. Ol\u00edvia Flores, 686), Mercad\u00f3tica (Av. Ot\u00e1vio Santos e Av. Frei Benjamin), VCA Construtora (Avenida Ol\u00edvia Flores);\u00a0<\/strong><\/li>\n<li><strong>Po\u00e7\u00f5es: Mercad\u00f3tica (Pra\u00e7a Coronel Raimundo Pereira de Magalh\u00e3es)<\/strong><\/li>\n<li><strong><span lang=\"PT-BR\">Salvador: Lojas South dos shoppings Center Lapa, Salvador, Paralela e da Bahia.<\/span>\u00a0<\/strong><\/li>\n<\/ul>\n<\/div>\n<\/div>\n<\/div>\n<\/div>\n","protected":false},"excerpt":{"rendered":"<p>\u00a0\u00a0A cidade de Vit\u00f3ria da Conquista j\u00e1 est\u00e1 em contagem regressiva para a realiza\u00e7\u00e3o da 17\u00aa edi\u00e7\u00e3o do Festival de Inverno Bahia (FIB) e as temperaturas t\u00eam feito jus ao frio esperado para este per\u00edodo.\u00a0\u00a0 A esta\u00e7\u00e3o mais gelada do ano aumentou a demanda por itens como luvas, gorros, cachec\u00f3is e blus\u00f5es, impulsionando o setor [&hellip;]<\/p>\n","protected":false},"author":2,"featured_media":111936,"comment_status":"closed","ping_status":"open","sticky":false,"template":"","format":"standard","meta":{"footnotes":"","_links_to":"","_links_to_target":""},"categories":[1],"tags":[],"class_list":["post-111935","post","type-post","status-publish","format-standard","has-post-thumbnail","hentry","category-geral"],"views":1001,"_links":{"self":[{"href":"https:\/\/www.sudoestehoje.com.br\/novoportal\/wp-json\/wp\/v2\/posts\/111935","targetHints":{"allow":["GET"]}}],"collection":[{"href":"https:\/\/www.sudoestehoje.com.br\/novoportal\/wp-json\/wp\/v2\/posts"}],"about":[{"href":"https:\/\/www.sudoestehoje.com.br\/novoportal\/wp-json\/wp\/v2\/types\/post"}],"author":[{"embeddable":true,"href":"https:\/\/www.sudoestehoje.com.br\/novoportal\/wp-json\/wp\/v2\/users\/2"}],"replies":[{"embeddable":true,"href":"https:\/\/www.sudoestehoje.com.br\/novoportal\/wp-json\/wp\/v2\/comments?post=111935"}],"version-history":[{"count":2,"href":"https:\/\/www.sudoestehoje.com.br\/novoportal\/wp-json\/wp\/v2\/posts\/111935\/revisions"}],"predecessor-version":[{"id":111938,"href":"https:\/\/www.sudoestehoje.com.br\/novoportal\/wp-json\/wp\/v2\/posts\/111935\/revisions\/111938"}],"wp:featuredmedia":[{"embeddable":true,"href":"https:\/\/www.sudoestehoje.com.br\/novoportal\/wp-json\/wp\/v2\/media\/111936"}],"wp:attachment":[{"href":"https:\/\/www.sudoestehoje.com.br\/novoportal\/wp-json\/wp\/v2\/media?parent=111935"}],"wp:term":[{"taxonomy":"category","embeddable":true,"href":"https:\/\/www.sudoestehoje.com.br\/novoportal\/wp-json\/wp\/v2\/categories?post=111935"},{"taxonomy":"post_tag","embeddable":true,"href":"https:\/\/www.sudoestehoje.com.br\/novoportal\/wp-json\/wp\/v2\/tags?post=111935"}],"curies":[{"name":"wp","href":"https:\/\/api.w.org\/{rel}","templated":true}]}}