
{"id":111932,"date":"2023-08-14T09:30:17","date_gmt":"2023-08-14T12:30:17","guid":{"rendered":"https:\/\/www.sudoestehoje.com.br\/novoportal\/?p=111932"},"modified":"2023-08-14T10:26:50","modified_gmt":"2023-08-14T13:26:50","slug":"davi-ferraz-sugere-asfaltamento-das-ruas-centrais-de-itapetinga-via-sedur-conder","status":"publish","type":"post","link":"https:\/\/www.sudoestehoje.com.br\/novoportal\/2023\/08\/14\/davi-ferraz-sugere-asfaltamento-das-ruas-centrais-de-itapetinga-via-sedur-conder\/","title":{"rendered":"DAVI FERRAZ SUGERE ASFALTAMENTO DAS RUAS CENTRAIS DE ITAPETINGA VIA SEDUR\/CONDER"},"content":{"rendered":"<p><img loading=\"lazy\" decoding=\"async\" class=\"alignnone  wp-image-112043\" src=\"https:\/\/www.sudoestehoje.com.br\/novoportal\/wp-content\/uploads\/2023\/08\/Banner-500X100.gif\" alt=\"\" width=\"550\" height=\"110\" \/><\/p>\n<p><img loading=\"lazy\" decoding=\"async\" class=\"alignnone wp-image-112038\" src=\"https:\/\/www.sudoestehoje.com.br\/novoportal\/wp-content\/uploads\/2023\/08\/asfalto-ruas-600x369.jpg\" alt=\"\" width=\"551\" height=\"339\" srcset=\"https:\/\/www.sudoestehoje.com.br\/novoportal\/wp-content\/uploads\/2023\/08\/asfalto-ruas-600x369.jpg 600w, https:\/\/www.sudoestehoje.com.br\/novoportal\/wp-content\/uploads\/2023\/08\/asfalto-ruas-700x430.jpg 700w, https:\/\/www.sudoestehoje.com.br\/novoportal\/wp-content\/uploads\/2023\/08\/asfalto-ruas-768x472.jpg 768w, https:\/\/www.sudoestehoje.com.br\/novoportal\/wp-content\/uploads\/2023\/08\/asfalto-ruas.jpg 1144w\" sizes=\"auto, (max-width: 551px) 100vw, 551px\" \/><\/p>\n<p><strong>Continuando o seu programa de constru\u00e7\u00e3o de uma pr\u00e9-candidatura vi\u00e1vel a prefeito do munic\u00edpio, o advogado Davi Ferraz apresentou, nesta segunda-feira (14), proposta de pavimenta\u00e7\u00e3o asf\u00e1ltica das principais ruas cal\u00e7adas do centro da cidade, atrav\u00e9s de parceria entre o munic\u00edpio e a CONDER &#8211; Companhia de Desenvolvimento Urbano do Estado da Bahia.<\/strong><\/p>\n<p><strong><em>&#8220;Mais de 800 conv\u00eanios j\u00e1 foram firmados entre a CONDER e as prefeituras municipais para pavimenta\u00e7\u00e3o, constru\u00e7\u00e3o ou requalifica\u00e7\u00e3o de pra\u00e7as, mercados, drenagem, constru\u00e7\u00e3o ou reforma de edifica\u00e7\u00f5es p\u00fablicas, centros comunit\u00e1rios, pontes e outros equipamentos urbanos que levam qualidade de vida e infraestrutura \u00e0 popula\u00e7\u00e3o do estado. Na regi\u00e3o, v\u00e1rias cidades receberam do Governo do Estado esses benef\u00edcios, exceto Itapetinga, por raz\u00f5es meramente pol\u00edticas eleitorais&#8221;<\/em>, afirmou Davi Ferraz.<\/strong><\/p>\n<p><strong><em>&#8220;Como polo regional, Itapetinga n\u00e3o pode ficar fora desse contexto e \u00e9 preciso que haja um entendimento entre o governo do estado e a prefeitura, para trazer esses benef\u00edcios para a cidade. Muitas ruas centrais de Itapetinga ainda s\u00e3o cal\u00e7adas com paralelo e at\u00e9 pedra bruta, sendo necess\u00e1rio uma pavimenta\u00e7\u00e3o moderna, atrav\u00e9s do seu asfaltamento&#8221;<\/em>. continuou o pr\u00e9-candidato.<\/strong><\/p>\n<p><strong><em>&#8220;Conversamos com o prefeito Rodrigo Hagge e ele est\u00e1 de acordo em firmar conv\u00eanio com o governo, se comprometendo em arcar com a contrapartida do munic\u00edpio, caso necess\u00e1rio&#8221;<\/em>, concluiu.<\/strong><\/p>\n<p><strong>Davi tamb\u00e9m afirmou que essa demanda \u00e9 antiga e pode ser levada adiante pelos representantes do governo do estado, caso tenham interesse no desenvolvimento da cidade, acima dos seus projetos de poder.<\/strong><\/p>\n<p><strong>Reda\u00e7\u00e3o SH<\/strong><\/p>\n","protected":false},"excerpt":{"rendered":"<p>Continuando o seu programa de constru\u00e7\u00e3o de uma pr\u00e9-candidatura vi\u00e1vel a prefeito do munic\u00edpio, o advogado Davi Ferraz apresentou, nesta segunda-feira (14), proposta de pavimenta\u00e7\u00e3o asf\u00e1ltica das principais ruas cal\u00e7adas do centro da cidade, atrav\u00e9s de parceria entre o munic\u00edpio e a CONDER &#8211; Companhia de Desenvolvimento Urbano do Estado da Bahia. &#8220;Mais de 800 [&hellip;]<\/p>\n","protected":false},"author":2,"featured_media":112038,"comment_status":"closed","ping_status":"open","sticky":false,"template":"","format":"standard","meta":{"footnotes":"","_links_to":"","_links_to_target":""},"categories":[1],"tags":[],"class_list":["post-111932","post","type-post","status-publish","format-standard","has-post-thumbnail","hentry","category-geral"],"views":841,"_links":{"self":[{"href":"https:\/\/www.sudoestehoje.com.br\/novoportal\/wp-json\/wp\/v2\/posts\/111932","targetHints":{"allow":["GET"]}}],"collection":[{"href":"https:\/\/www.sudoestehoje.com.br\/novoportal\/wp-json\/wp\/v2\/posts"}],"about":[{"href":"https:\/\/www.sudoestehoje.com.br\/novoportal\/wp-json\/wp\/v2\/types\/post"}],"author":[{"embeddable":true,"href":"https:\/\/www.sudoestehoje.com.br\/novoportal\/wp-json\/wp\/v2\/users\/2"}],"replies":[{"embeddable":true,"href":"https:\/\/www.sudoestehoje.com.br\/novoportal\/wp-json\/wp\/v2\/comments?post=111932"}],"version-history":[{"count":17,"href":"https:\/\/www.sudoestehoje.com.br\/novoportal\/wp-json\/wp\/v2\/posts\/111932\/revisions"}],"predecessor-version":[{"id":112044,"href":"https:\/\/www.sudoestehoje.com.br\/novoportal\/wp-json\/wp\/v2\/posts\/111932\/revisions\/112044"}],"wp:featuredmedia":[{"embeddable":true,"href":"https:\/\/www.sudoestehoje.com.br\/novoportal\/wp-json\/wp\/v2\/media\/112038"}],"wp:attachment":[{"href":"https:\/\/www.sudoestehoje.com.br\/novoportal\/wp-json\/wp\/v2\/media?parent=111932"}],"wp:term":[{"taxonomy":"category","embeddable":true,"href":"https:\/\/www.sudoestehoje.com.br\/novoportal\/wp-json\/wp\/v2\/categories?post=111932"},{"taxonomy":"post_tag","embeddable":true,"href":"https:\/\/www.sudoestehoje.com.br\/novoportal\/wp-json\/wp\/v2\/tags?post=111932"}],"curies":[{"name":"wp","href":"https:\/\/api.w.org\/{rel}","templated":true}]}}