
{"id":111928,"date":"2023-08-09T19:53:09","date_gmt":"2023-08-09T22:53:09","guid":{"rendered":"https:\/\/www.sudoestehoje.com.br\/novoportal\/?p=111928"},"modified":"2023-08-09T20:11:22","modified_gmt":"2023-08-09T23:11:22","slug":"populacao-de-bandeira-do-colonia-recebe-acao-psicosocial-via-caps-ad","status":"publish","type":"post","link":"https:\/\/www.sudoestehoje.com.br\/novoportal\/2023\/08\/09\/populacao-de-bandeira-do-colonia-recebe-acao-psicosocial-via-caps-ad\/","title":{"rendered":"POPULA\u00c7\u00c3O DE BANDEIRA DO COL\u00d4NIA RECEBE A\u00c7\u00c3O PSICOSOCIAL VIA CAPS AD"},"content":{"rendered":"<p><img loading=\"lazy\" decoding=\"async\" class=\"alignnone size-full wp-image-111341\" src=\"https:\/\/www.sudoestehoje.com.br\/novoportal\/wp-content\/uploads\/2023\/07\/BANNER-LINEUP-550x100-2.gif\" alt=\"\" width=\"550\" height=\"100\" \/><\/p>\n<p><img loading=\"lazy\" decoding=\"async\" class=\"alignnone wp-image-111929\" src=\"https:\/\/www.sudoestehoje.com.br\/novoportal\/wp-content\/uploads\/2023\/08\/cfae203b-2fdc-4ecb-acd5-675e57103813-600x393.jpg\" alt=\"\" width=\"550\" height=\"360\" srcset=\"https:\/\/www.sudoestehoje.com.br\/novoportal\/wp-content\/uploads\/2023\/08\/cfae203b-2fdc-4ecb-acd5-675e57103813-600x393.jpg 600w, https:\/\/www.sudoestehoje.com.br\/novoportal\/wp-content\/uploads\/2023\/08\/cfae203b-2fdc-4ecb-acd5-675e57103813-700x459.jpg 700w, https:\/\/www.sudoestehoje.com.br\/novoportal\/wp-content\/uploads\/2023\/08\/cfae203b-2fdc-4ecb-acd5-675e57103813-768x503.jpg 768w, https:\/\/www.sudoestehoje.com.br\/novoportal\/wp-content\/uploads\/2023\/08\/cfae203b-2fdc-4ecb-acd5-675e57103813.jpg 1010w\" sizes=\"auto, (max-width: 550px) 100vw, 550px\" \/><\/p>\n<p><strong>O Distrito de Bandeira do Col\u00f4nia recebeu nesta quarta feira (9), a equipe do CAPS AD, composta por Psic\u00f3logas, Enfermeira, Assistente Social, Psiquiatra, e contou com o apoio da enfermeira Nayrana, do PSF. Na oportunidade, dezenas de pessoas foram atendidas e encaminhadas para acompanhamento nas \u00e1reas espec\u00edficas. <\/strong><\/p>\n<p><strong>O Administrador do Bandeira do Col\u00f4nia, Jo\u00e3o Victor, em seu discurso, ressaltou a import\u00e2ncia da a\u00e7\u00e3o Psicossocial e agradeceu \u00e0 Secret\u00e1ria de Sa\u00fade Ros\u00e2nia Rabelo, \u00e0 Coordenadora de Sa\u00fade Mental J\u00e1dira, \u00e0 Coordenadora do CRAS Mara e ao Coordenador do CAPS AD Wildeberg Rodrigues, al\u00e9m de solicitar outras a\u00e7\u00f5es da sa\u00fade mental no Distrito.<\/strong><\/p>\n<p><strong>Ao final do discurso, ressaltou a import\u00e2ncia de Rodrigo Hagge para a realiza\u00e7\u00e3o deste evento, num pedido especial.<\/strong><\/p>\n<p><strong> Compareceu tamb\u00e9m ao evento, a atual Secret\u00e1ria de Desenvolvimento Social, Manu Brand\u00e3o, para dar as boas vindas \u00e0 equipe do CAPS AD. Todos os atendimentos foram registrados e as pessoas encaminhadas.<\/strong><\/p>\n<p><strong>ADM de Bandeira do Col\u00f4nia, um passo a frente em Sa\u00fade, Educa\u00e7\u00e3o e no Social.<\/strong><\/p>\n","protected":false},"excerpt":{"rendered":"<p>O Distrito de Bandeira do Col\u00f4nia recebeu nesta quarta feira (9), a equipe do CAPS AD, composta por Psic\u00f3logas, Enfermeira, Assistente Social, Psiquiatra, e contou com o apoio da enfermeira Nayrana, do PSF. Na oportunidade, dezenas de pessoas foram atendidas e encaminhadas para acompanhamento nas \u00e1reas espec\u00edficas. O Administrador do Bandeira do Col\u00f4nia, Jo\u00e3o Victor, [&hellip;]<\/p>\n","protected":false},"author":2,"featured_media":111929,"comment_status":"closed","ping_status":"open","sticky":false,"template":"","format":"standard","meta":{"footnotes":"","_links_to":"","_links_to_target":""},"categories":[1],"tags":[],"class_list":["post-111928","post","type-post","status-publish","format-standard","has-post-thumbnail","hentry","category-geral"],"views":771,"_links":{"self":[{"href":"https:\/\/www.sudoestehoje.com.br\/novoportal\/wp-json\/wp\/v2\/posts\/111928","targetHints":{"allow":["GET"]}}],"collection":[{"href":"https:\/\/www.sudoestehoje.com.br\/novoportal\/wp-json\/wp\/v2\/posts"}],"about":[{"href":"https:\/\/www.sudoestehoje.com.br\/novoportal\/wp-json\/wp\/v2\/types\/post"}],"author":[{"embeddable":true,"href":"https:\/\/www.sudoestehoje.com.br\/novoportal\/wp-json\/wp\/v2\/users\/2"}],"replies":[{"embeddable":true,"href":"https:\/\/www.sudoestehoje.com.br\/novoportal\/wp-json\/wp\/v2\/comments?post=111928"}],"version-history":[{"count":2,"href":"https:\/\/www.sudoestehoje.com.br\/novoportal\/wp-json\/wp\/v2\/posts\/111928\/revisions"}],"predecessor-version":[{"id":111931,"href":"https:\/\/www.sudoestehoje.com.br\/novoportal\/wp-json\/wp\/v2\/posts\/111928\/revisions\/111931"}],"wp:featuredmedia":[{"embeddable":true,"href":"https:\/\/www.sudoestehoje.com.br\/novoportal\/wp-json\/wp\/v2\/media\/111929"}],"wp:attachment":[{"href":"https:\/\/www.sudoestehoje.com.br\/novoportal\/wp-json\/wp\/v2\/media?parent=111928"}],"wp:term":[{"taxonomy":"category","embeddable":true,"href":"https:\/\/www.sudoestehoje.com.br\/novoportal\/wp-json\/wp\/v2\/categories?post=111928"},{"taxonomy":"post_tag","embeddable":true,"href":"https:\/\/www.sudoestehoje.com.br\/novoportal\/wp-json\/wp\/v2\/tags?post=111928"}],"curies":[{"name":"wp","href":"https:\/\/api.w.org\/{rel}","templated":true}]}}