
{"id":11191,"date":"2011-12-15T18:48:36","date_gmt":"2011-12-15T21:48:36","guid":{"rendered":"http:\/\/www.sudoestehoje.com.br\/novoportal\/?p=11191"},"modified":"2011-12-15T19:17:51","modified_gmt":"2011-12-15T22:17:51","slug":"anagepresidente-da-camara-e-preso-pela-policia-federal","status":"publish","type":"post","link":"https:\/\/www.sudoestehoje.com.br\/novoportal\/2011\/12\/15\/anagepresidente-da-camara-e-preso-pela-policia-federal\/","title":{"rendered":"ANAG\u00c9:PRESIDENTE DA C\u00c2MARA \u00c9 PRESO PELA POL\u00cdCIA FEDERAL"},"content":{"rendered":"<p style=\"text-align: center;\"><img decoding=\"async\" class=\"aligncenter\" src=\"http:\/\/www.bahianoticias.com.br\/fotos\/principal_noticias\/107730\/IMAGEM_NOTICIA_3.jpg\" alt=\"Presidente da C\u00e2mara de Anag\u00e9 \u00e9 preso pela PF\" width=\"400\" \/><\/p>\n<p style=\"text-align: center;\"><em><strong>Vereador \u00e9 acusado de interferir em opera\u00e7\u00e3o da PF para ajudar prefeita <\/strong><\/em><\/p>\n<p>ANAG\u00c9: O presidente da C\u00e2mara de Vereadores de Anag\u00e9, Igor Mac\u00e1rio (PCdoB), foi preso na manh\u00e3 desta quinta-feira (15), pela Pol\u00edcia Federal de Vit\u00f3ria da Conquista.\u00a0 Igor, que tinha um mandado de pris\u00e3o preventiva expedido pela Justi\u00e7a Federal, se apresentou \u00e0 PF hoje.\u00a0Depois de prestar depoimento, ele foi encaminhado para o pres\u00eddio Nilton Gon\u00e7alves, no munic\u00edpio.<\/p>\n<p>Segundo o delegado da PF de Conquista, Victor Menezes, a pris\u00e3o do parlamentar est\u00e1 relacionada \u00e0 opera\u00e7\u00e3o realizada nos munic\u00edpios de Ibicoara e Barra da Estiva, que efetuou tamb\u00e9m a pris\u00e3o de seis policiais militares, que j\u00e1 foram liberados.\u00a0\u201c<em>Os agentes federais que estavam realizando uma investiga\u00e7\u00e3o nos munic\u00edpios e foram abordados pelos seis policiais militares que foram presos. Durante a abordagem, estavam no local Igor Mac\u00e1rio e um servidor municipal&#8221;, <\/em>explicou Menezes.<\/p>\n<p><em>Ainda de acordo com o delegado, \u201c<\/em><em>houve excesso por parte dos militares na abordagem dos policiais federais, mesmo depois de eles terem apresentado duas identidades funcionais e n\u00f3s entendemos isso como esp\u00e9cie de intimida\u00e7\u00e3o, numa tentativa de impedir de alguma forma a continuidade das investiga\u00e7\u00f5es\u201d<\/em><em>. <\/em><\/p>\n<p><em><\/em>Al\u00e9m das pris\u00f5es preventivas decretadas dos seis policiais militares e do presidente da C\u00e2mara, foram solicitados mandados para o servidor p\u00fablico que assistou \u00e0 abordagem dos PMs e da filha da prefeita de Ibicoara, que \u00e9 chefe de gabinete da prefeitura do munic\u00edpio. \u201cA <em>chefe de gabinete foi apontada como a mandante da abordagem, mas a Justi\u00e7a entendeu que sua pris\u00e3o preventiva n\u00e3o era necess\u00e1ria&#8221;,<\/em> disse o delegado da PF<em>. <\/em><\/p>\n<p><em><strong>Correio<\/strong><\/em><\/p>\n","protected":false},"excerpt":{"rendered":"<p>Vereador \u00e9 acusado de interferir em opera\u00e7\u00e3o da PF para ajudar prefeita ANAG\u00c9: O presidente da C\u00e2mara de Vereadores de Anag\u00e9, Igor Mac\u00e1rio (PCdoB), foi preso na manh\u00e3 desta quinta-feira (15), pela Pol\u00edcia Federal de Vit\u00f3ria da Conquista.\u00a0 Igor, que tinha um mandado de pris\u00e3o preventiva expedido pela Justi\u00e7a Federal, se apresentou \u00e0 PF hoje.\u00a0Depois [&hellip;]<\/p>\n","protected":false},"author":2,"featured_media":0,"comment_status":"open","ping_status":"open","sticky":false,"template":"","format":"standard","meta":{"footnotes":"","_links_to":"","_links_to_target":""},"categories":[1],"tags":[],"class_list":["post-11191","post","type-post","status-publish","format-standard","hentry","category-geral"],"views":1344,"_links":{"self":[{"href":"https:\/\/www.sudoestehoje.com.br\/novoportal\/wp-json\/wp\/v2\/posts\/11191","targetHints":{"allow":["GET"]}}],"collection":[{"href":"https:\/\/www.sudoestehoje.com.br\/novoportal\/wp-json\/wp\/v2\/posts"}],"about":[{"href":"https:\/\/www.sudoestehoje.com.br\/novoportal\/wp-json\/wp\/v2\/types\/post"}],"author":[{"embeddable":true,"href":"https:\/\/www.sudoestehoje.com.br\/novoportal\/wp-json\/wp\/v2\/users\/2"}],"replies":[{"embeddable":true,"href":"https:\/\/www.sudoestehoje.com.br\/novoportal\/wp-json\/wp\/v2\/comments?post=11191"}],"version-history":[{"count":4,"href":"https:\/\/www.sudoestehoje.com.br\/novoportal\/wp-json\/wp\/v2\/posts\/11191\/revisions"}],"predecessor-version":[{"id":11194,"href":"https:\/\/www.sudoestehoje.com.br\/novoportal\/wp-json\/wp\/v2\/posts\/11191\/revisions\/11194"}],"wp:attachment":[{"href":"https:\/\/www.sudoestehoje.com.br\/novoportal\/wp-json\/wp\/v2\/media?parent=11191"}],"wp:term":[{"taxonomy":"category","embeddable":true,"href":"https:\/\/www.sudoestehoje.com.br\/novoportal\/wp-json\/wp\/v2\/categories?post=11191"},{"taxonomy":"post_tag","embeddable":true,"href":"https:\/\/www.sudoestehoje.com.br\/novoportal\/wp-json\/wp\/v2\/tags?post=11191"}],"curies":[{"name":"wp","href":"https:\/\/api.w.org\/{rel}","templated":true}]}}