
{"id":111902,"date":"2023-08-09T16:59:31","date_gmt":"2023-08-09T19:59:31","guid":{"rendered":"https:\/\/www.sudoestehoje.com.br\/novoportal\/?p=111902"},"modified":"2023-08-09T16:59:31","modified_gmt":"2023-08-09T19:59:31","slug":"prefeita-de-maiquinique-e-vereadores-se-reunem-com-gabinete-do-governador-em-salvador-para-tratar-da-estrada-de-jordania","status":"publish","type":"post","link":"https:\/\/www.sudoestehoje.com.br\/novoportal\/2023\/08\/09\/prefeita-de-maiquinique-e-vereadores-se-reunem-com-gabinete-do-governador-em-salvador-para-tratar-da-estrada-de-jordania\/","title":{"rendered":"PREFEITA DE MAIQUINIQUE E VEREADORES SE RE\u00daNEM COM GABINETE DO GOVERNADOR EM SALVADOR PARA TRATAR DA ESTRADA DE JORD\u00c2NIA"},"content":{"rendered":"<p><img loading=\"lazy\" decoding=\"async\" class=\"alignnone size-full wp-image-111341\" src=\"https:\/\/www.sudoestehoje.com.br\/novoportal\/wp-content\/uploads\/2023\/07\/BANNER-LINEUP-550x100-2.gif\" alt=\"\" width=\"550\" height=\"100\" \/><\/p>\n<p><img loading=\"lazy\" decoding=\"async\" class=\"alignnone  wp-image-111905\" src=\"https:\/\/www.sudoestehoje.com.br\/novoportal\/wp-content\/uploads\/2023\/08\/db79163c-a71f-4526-99c7-916565be53aa-600x450.jpg\" alt=\"\" width=\"551\" height=\"413\" srcset=\"https:\/\/www.sudoestehoje.com.br\/novoportal\/wp-content\/uploads\/2023\/08\/db79163c-a71f-4526-99c7-916565be53aa-600x450.jpg 600w, https:\/\/www.sudoestehoje.com.br\/novoportal\/wp-content\/uploads\/2023\/08\/db79163c-a71f-4526-99c7-916565be53aa-700x525.jpg 700w, https:\/\/www.sudoestehoje.com.br\/novoportal\/wp-content\/uploads\/2023\/08\/db79163c-a71f-4526-99c7-916565be53aa-768x576.jpg 768w, https:\/\/www.sudoestehoje.com.br\/novoportal\/wp-content\/uploads\/2023\/08\/db79163c-a71f-4526-99c7-916565be53aa.jpg 1280w\" sizes=\"auto, (max-width: 551px) 100vw, 551px\" \/><\/p>\n<p><strong>Nesta quarta-feira (09), um encontro significativo ocorreu na sala da governadoria no Centro Administrativo da Bahia, quando o Chefe de Gabinete do Governador se reuniu com a prefeita Val\u00e9ria Silveira e os vereadores Ezequiel e Juliano. <\/strong><\/p>\n<p><strong>Durante a reuni\u00e3o, a prefeita expressou seu agradecimento pela visita do governador Jer\u00f4nimo Rodrigues no m\u00eas de julho, durante as comemora\u00e7\u00f5es do anivers\u00e1rio de emancipa\u00e7\u00e3o pol\u00edtica de Maiquinique. Na ocasi\u00e3o, o governador anunciou a libera\u00e7\u00e3o de recursos para a elabora\u00e7\u00e3o do projeto de engenharia visando o asfaltamento da estrada que conecta Maiquinique \u00e0 divisa com Minas Gerais.<\/strong><\/p>\n<p><strong>Com uma extens\u00e3o total de 37 km, essa iniciativa de asfaltamento promete impulsionar o escoamento do agroneg\u00f3cio regional, beneficiando a economia local. Al\u00e9m disso, Val\u00e9ria Silveira expressou sua gratid\u00e3o pelo apoio do governo, que tamb\u00e9m disponibilizou uma ambul\u00e2ncia, equipamentos para a maternidade e kits odontol\u00f3gicos para a cidade.<\/strong><\/p>\n<p><strong>A Prefeita n\u00e3o deixou de mencionar o compromisso da Secretaria de Desenvolvimento Urbano (Sedur) com a obra de asfaltamento no centro da cidade, assim como a pavimenta\u00e7\u00e3o de diversas ruas. Ela aproveitou a oportunidade para solicitar a reforma e amplia\u00e7\u00e3o do Parque de Equiprovas, uma das atra\u00e7\u00f5es mais importantes do interior do Nordeste.<\/strong><\/p>\n<p><strong>Esse encontro ressalta a parceria entre o governo estadual e as autoridades municipais, mostrando o empenho em melhorar a infraestrutura, o atendimento m\u00e9dico e o desenvolvimento econ\u00f4mico regional.<\/strong><\/p>\n","protected":false},"excerpt":{"rendered":"<p>Nesta quarta-feira (09), um encontro significativo ocorreu na sala da governadoria no Centro Administrativo da Bahia, quando o Chefe de Gabinete do Governador se reuniu com a prefeita Val\u00e9ria Silveira e os vereadores Ezequiel e Juliano. Durante a reuni\u00e3o, a prefeita expressou seu agradecimento pela visita do governador Jer\u00f4nimo Rodrigues no m\u00eas de julho, durante [&hellip;]<\/p>\n","protected":false},"author":2,"featured_media":111905,"comment_status":"closed","ping_status":"open","sticky":false,"template":"","format":"standard","meta":{"footnotes":"","_links_to":"","_links_to_target":""},"categories":[1],"tags":[],"class_list":["post-111902","post","type-post","status-publish","format-standard","has-post-thumbnail","hentry","category-geral"],"views":924,"_links":{"self":[{"href":"https:\/\/www.sudoestehoje.com.br\/novoportal\/wp-json\/wp\/v2\/posts\/111902","targetHints":{"allow":["GET"]}}],"collection":[{"href":"https:\/\/www.sudoestehoje.com.br\/novoportal\/wp-json\/wp\/v2\/posts"}],"about":[{"href":"https:\/\/www.sudoestehoje.com.br\/novoportal\/wp-json\/wp\/v2\/types\/post"}],"author":[{"embeddable":true,"href":"https:\/\/www.sudoestehoje.com.br\/novoportal\/wp-json\/wp\/v2\/users\/2"}],"replies":[{"embeddable":true,"href":"https:\/\/www.sudoestehoje.com.br\/novoportal\/wp-json\/wp\/v2\/comments?post=111902"}],"version-history":[{"count":4,"href":"https:\/\/www.sudoestehoje.com.br\/novoportal\/wp-json\/wp\/v2\/posts\/111902\/revisions"}],"predecessor-version":[{"id":111908,"href":"https:\/\/www.sudoestehoje.com.br\/novoportal\/wp-json\/wp\/v2\/posts\/111902\/revisions\/111908"}],"wp:featuredmedia":[{"embeddable":true,"href":"https:\/\/www.sudoestehoje.com.br\/novoportal\/wp-json\/wp\/v2\/media\/111905"}],"wp:attachment":[{"href":"https:\/\/www.sudoestehoje.com.br\/novoportal\/wp-json\/wp\/v2\/media?parent=111902"}],"wp:term":[{"taxonomy":"category","embeddable":true,"href":"https:\/\/www.sudoestehoje.com.br\/novoportal\/wp-json\/wp\/v2\/categories?post=111902"},{"taxonomy":"post_tag","embeddable":true,"href":"https:\/\/www.sudoestehoje.com.br\/novoportal\/wp-json\/wp\/v2\/tags?post=111902"}],"curies":[{"name":"wp","href":"https:\/\/api.w.org\/{rel}","templated":true}]}}