
{"id":111894,"date":"2023-08-09T08:46:45","date_gmt":"2023-08-09T11:46:45","guid":{"rendered":"https:\/\/www.sudoestehoje.com.br\/novoportal\/?p=111894"},"modified":"2023-08-09T08:46:45","modified_gmt":"2023-08-09T11:46:45","slug":"violencia-urbana-mais-um-onibus-e-incendiado-por-bandidos-em-salvador","status":"publish","type":"post","link":"https:\/\/www.sudoestehoje.com.br\/novoportal\/2023\/08\/09\/violencia-urbana-mais-um-onibus-e-incendiado-por-bandidos-em-salvador\/","title":{"rendered":"VIOL\u00caNCIA URBANA | MAIS UM \u00d4NIBUS \u00c9 INCENDIADO POR BANDIDOS EM SALVADOR"},"content":{"rendered":"<div id=\"chunk-2f66c\">\n<div class=\"mc-column content-text active-extra-styles \" data-block-type=\"unstyled\" data-block-weight=\"32\" data-block-id=\"3\">\n<p data-track-category=\"Link no Texto\" data-track-links=\"\"><img loading=\"lazy\" decoding=\"async\" class=\"alignnone size-full wp-image-111341\" src=\"https:\/\/www.sudoestehoje.com.br\/novoportal\/wp-content\/uploads\/2023\/07\/BANNER-LINEUP-550x100-2.gif\" alt=\"\" width=\"550\" height=\"100\" \/><\/p>\n<p data-track-category=\"Link no Texto\" data-track-links=\"\"><img loading=\"lazy\" decoding=\"async\" class=\"alignnone  wp-image-111896\" src=\"https:\/\/www.sudoestehoje.com.br\/novoportal\/wp-content\/uploads\/2023\/08\/whatsapp-image-2023-08-09-at-06.03.33-600x338.webp\" alt=\"\" width=\"550\" height=\"310\" srcset=\"https:\/\/www.sudoestehoje.com.br\/novoportal\/wp-content\/uploads\/2023\/08\/whatsapp-image-2023-08-09-at-06.03.33-600x338.webp 600w, https:\/\/www.sudoestehoje.com.br\/novoportal\/wp-content\/uploads\/2023\/08\/whatsapp-image-2023-08-09-at-06.03.33-700x394.webp 700w, https:\/\/www.sudoestehoje.com.br\/novoportal\/wp-content\/uploads\/2023\/08\/whatsapp-image-2023-08-09-at-06.03.33-768x432.webp 768w, https:\/\/www.sudoestehoje.com.br\/novoportal\/wp-content\/uploads\/2023\/08\/whatsapp-image-2023-08-09-at-06.03.33.webp 984w\" sizes=\"auto, (max-width: 550px) 100vw, 550px\" \/><\/p>\n<p class=\"content-text__container \" data-track-category=\"Link no Texto\" data-track-links=\"\"><strong>Um \u00f4nibus do transporte p\u00fablico de\u00a0Salvador\u00a0foi incendiado na manh\u00e3 desta quarta-feira (9), no bairro de S\u00e3o Marcos, em Salvador. Testemunhas afirmaram que homens atearam fogo no ve\u00edculo ap\u00f3s cometerem assalto.<\/strong><\/p>\n<\/div>\n<\/div>\n<div class=\"wall protected-content\">\n<div id=\"chunk-3kg65\">\n<div class=\"mc-column content-text active-extra-styles \" data-block-type=\"unstyled\" data-block-weight=\"44\" data-block-id=\"4\">\n<p class=\"content-text__container \" data-track-category=\"Link no Texto\" data-track-links=\"\"><strong>O ve\u00edculo, que fazia a linha 0203 &#8211; Ribeira \/ Terminal Pitua\u00e7u, passava pela localidade conhecida como &#8220;Coroado&#8221;, quando foi alvo do crime. Passageiros e rodovi\u00e1rios informaram que tiveram objetos roubados por dois suspeitos, que mandaram as v\u00edtimas sa\u00edrem do \u00f4nibus e atearam fogo.<\/strong><\/p>\n<p data-track-category=\"Link no Texto\" data-track-links=\"\"><strong>Neste ano, outros tr\u00eas \u00f4nibus foram incendiados na capital baiana. Todas as ocorr\u00eancias foram registradas no bairro de Sussuarana.<\/strong><\/p>\n<\/div>\n<\/div>\n<\/div>\n","protected":false},"excerpt":{"rendered":"<p>Um \u00f4nibus do transporte p\u00fablico de\u00a0Salvador\u00a0foi incendiado na manh\u00e3 desta quarta-feira (9), no bairro de S\u00e3o Marcos, em Salvador. Testemunhas afirmaram que homens atearam fogo no ve\u00edculo ap\u00f3s cometerem assalto. O ve\u00edculo, que fazia a linha 0203 &#8211; Ribeira \/ Terminal Pitua\u00e7u, passava pela localidade conhecida como &#8220;Coroado&#8221;, quando foi alvo do crime. Passageiros e [&hellip;]<\/p>\n","protected":false},"author":2,"featured_media":111896,"comment_status":"closed","ping_status":"open","sticky":false,"template":"","format":"standard","meta":{"footnotes":"","_links_to":"","_links_to_target":""},"categories":[1],"tags":[],"class_list":["post-111894","post","type-post","status-publish","format-standard","has-post-thumbnail","hentry","category-geral"],"views":828,"_links":{"self":[{"href":"https:\/\/www.sudoestehoje.com.br\/novoportal\/wp-json\/wp\/v2\/posts\/111894","targetHints":{"allow":["GET"]}}],"collection":[{"href":"https:\/\/www.sudoestehoje.com.br\/novoportal\/wp-json\/wp\/v2\/posts"}],"about":[{"href":"https:\/\/www.sudoestehoje.com.br\/novoportal\/wp-json\/wp\/v2\/types\/post"}],"author":[{"embeddable":true,"href":"https:\/\/www.sudoestehoje.com.br\/novoportal\/wp-json\/wp\/v2\/users\/2"}],"replies":[{"embeddable":true,"href":"https:\/\/www.sudoestehoje.com.br\/novoportal\/wp-json\/wp\/v2\/comments?post=111894"}],"version-history":[{"count":3,"href":"https:\/\/www.sudoestehoje.com.br\/novoportal\/wp-json\/wp\/v2\/posts\/111894\/revisions"}],"predecessor-version":[{"id":111898,"href":"https:\/\/www.sudoestehoje.com.br\/novoportal\/wp-json\/wp\/v2\/posts\/111894\/revisions\/111898"}],"wp:featuredmedia":[{"embeddable":true,"href":"https:\/\/www.sudoestehoje.com.br\/novoportal\/wp-json\/wp\/v2\/media\/111896"}],"wp:attachment":[{"href":"https:\/\/www.sudoestehoje.com.br\/novoportal\/wp-json\/wp\/v2\/media?parent=111894"}],"wp:term":[{"taxonomy":"category","embeddable":true,"href":"https:\/\/www.sudoestehoje.com.br\/novoportal\/wp-json\/wp\/v2\/categories?post=111894"},{"taxonomy":"post_tag","embeddable":true,"href":"https:\/\/www.sudoestehoje.com.br\/novoportal\/wp-json\/wp\/v2\/tags?post=111894"}],"curies":[{"name":"wp","href":"https:\/\/api.w.org\/{rel}","templated":true}]}}