
{"id":111875,"date":"2023-08-08T11:49:57","date_gmt":"2023-08-08T14:49:57","guid":{"rendered":"https:\/\/www.sudoestehoje.com.br\/novoportal\/?p=111875"},"modified":"2023-08-08T16:28:30","modified_gmt":"2023-08-08T19:28:30","slug":"vereadora-manu-brandao-vai-assumir-secretaria-do-desenvolvimento-social","status":"publish","type":"post","link":"https:\/\/www.sudoestehoje.com.br\/novoportal\/2023\/08\/08\/vereadora-manu-brandao-vai-assumir-secretaria-do-desenvolvimento-social\/","title":{"rendered":"VEREADORA MANU BRAND\u00c3O VAI ASSUMIR SECRETARIA DO DESENVOLVIMENTO SOCIAL"},"content":{"rendered":"<p><img loading=\"lazy\" decoding=\"async\" class=\"alignnone size-full wp-image-111341\" src=\"https:\/\/www.sudoestehoje.com.br\/novoportal\/wp-content\/uploads\/2023\/07\/BANNER-LINEUP-550x100-2.gif\" alt=\"\" width=\"550\" height=\"100\" \/><\/p>\n<p><img loading=\"lazy\" decoding=\"async\" class=\"alignnone wp-image-111877\" src=\"https:\/\/www.sudoestehoje.com.br\/novoportal\/wp-content\/uploads\/2023\/08\/FB_IMG_1645455175522-600x390.jpg\" alt=\"\" width=\"549\" height=\"357\" srcset=\"https:\/\/www.sudoestehoje.com.br\/novoportal\/wp-content\/uploads\/2023\/08\/FB_IMG_1645455175522-600x390.jpg 600w, https:\/\/www.sudoestehoje.com.br\/novoportal\/wp-content\/uploads\/2023\/08\/FB_IMG_1645455175522.jpg 645w\" sizes=\"auto, (max-width: 549px) 100vw, 549px\" \/><\/p>\n<p><strong>Nos meios pol\u00edticos e administrativos de Itapetinga, j\u00e1 \u00e9 dada como certa a sa\u00edda da atual secret\u00e1ria Andreia Carolina (Carol) do cargo de Secret\u00e1ria Municipal do Desenvolvimento Social, por raz\u00f5es de ordem pessoal.<\/strong><\/p>\n<p><strong>A informa\u00e7\u00e3o foi confirmada ao Sudoeste Hoje, com exclusividade, pela pr\u00f3pria secret\u00e1ria Carol, na manh\u00e3 desta ter\u00e7a (8) e pelo Gabinete do Prefeito.<\/strong><\/p>\n<p><strong>Para assumir a pasta, foi confirmado o nome da vereadora Manu Brand\u00e3o (MDB), atuante na \u00e1rea social, que dever\u00e1 permanecer no cargo pelos pr\u00f3ximos 6 meses, considerando o per\u00edodo de desincompatibiliza\u00e7\u00e3o (abril), para concorrer a novo pleito, o que \u00e9 muito prov\u00e1vel.<\/strong><\/p>\n<p><strong>Com a sa\u00edda de\u00a0 Manu para ocupar a Secretaria do Desenvolvimento Social, o 2\u00ba suplente do MDB, Alex Dutra (Lek\u00e3o) assume a sua vaga na C\u00e2mara, j\u00e1 que o 1\u00ba suplente, Carl\u00e3o de Palmares, ocupa a vaga do vereador licenciado Luciano Almeida, atual secret\u00e1rio do Meio Ambiente.<\/strong><\/p>\n<p><strong>A mudan\u00e7a dever\u00e1 ser confirmada ainda hoje pelo prefeito Rodrigo Hagge e publicada no Di\u00e1rio Oficial.<\/strong><\/p>\n<p><strong>Por Davi Ferraz<\/strong><\/p>\n","protected":false},"excerpt":{"rendered":"<p>Nos meios pol\u00edticos e administrativos de Itapetinga, j\u00e1 \u00e9 dada como certa a sa\u00edda da atual secret\u00e1ria Andreia Carolina (Carol) do cargo de Secret\u00e1ria Municipal do Desenvolvimento Social, por raz\u00f5es de ordem pessoal. A informa\u00e7\u00e3o foi confirmada ao Sudoeste Hoje, com exclusividade, pela pr\u00f3pria secret\u00e1ria Carol, na manh\u00e3 desta ter\u00e7a (8) e pelo Gabinete do [&hellip;]<\/p>\n","protected":false},"author":2,"featured_media":111877,"comment_status":"closed","ping_status":"open","sticky":false,"template":"","format":"standard","meta":{"footnotes":"","_links_to":"","_links_to_target":""},"categories":[1],"tags":[],"class_list":["post-111875","post","type-post","status-publish","format-standard","has-post-thumbnail","hentry","category-geral"],"views":1370,"_links":{"self":[{"href":"https:\/\/www.sudoestehoje.com.br\/novoportal\/wp-json\/wp\/v2\/posts\/111875","targetHints":{"allow":["GET"]}}],"collection":[{"href":"https:\/\/www.sudoestehoje.com.br\/novoportal\/wp-json\/wp\/v2\/posts"}],"about":[{"href":"https:\/\/www.sudoestehoje.com.br\/novoportal\/wp-json\/wp\/v2\/types\/post"}],"author":[{"embeddable":true,"href":"https:\/\/www.sudoestehoje.com.br\/novoportal\/wp-json\/wp\/v2\/users\/2"}],"replies":[{"embeddable":true,"href":"https:\/\/www.sudoestehoje.com.br\/novoportal\/wp-json\/wp\/v2\/comments?post=111875"}],"version-history":[{"count":6,"href":"https:\/\/www.sudoestehoje.com.br\/novoportal\/wp-json\/wp\/v2\/posts\/111875\/revisions"}],"predecessor-version":[{"id":111893,"href":"https:\/\/www.sudoestehoje.com.br\/novoportal\/wp-json\/wp\/v2\/posts\/111875\/revisions\/111893"}],"wp:featuredmedia":[{"embeddable":true,"href":"https:\/\/www.sudoestehoje.com.br\/novoportal\/wp-json\/wp\/v2\/media\/111877"}],"wp:attachment":[{"href":"https:\/\/www.sudoestehoje.com.br\/novoportal\/wp-json\/wp\/v2\/media?parent=111875"}],"wp:term":[{"taxonomy":"category","embeddable":true,"href":"https:\/\/www.sudoestehoje.com.br\/novoportal\/wp-json\/wp\/v2\/categories?post=111875"},{"taxonomy":"post_tag","embeddable":true,"href":"https:\/\/www.sudoestehoje.com.br\/novoportal\/wp-json\/wp\/v2\/tags?post=111875"}],"curies":[{"name":"wp","href":"https:\/\/api.w.org\/{rel}","templated":true}]}}