
{"id":111865,"date":"2023-08-07T20:44:46","date_gmt":"2023-08-07T23:44:46","guid":{"rendered":"https:\/\/www.sudoestehoje.com.br\/novoportal\/?p=111865"},"modified":"2023-08-07T20:44:46","modified_gmt":"2023-08-07T23:44:46","slug":"morre-a-atriz-aracy-balabanian-aos-83-anos","status":"publish","type":"post","link":"https:\/\/www.sudoestehoje.com.br\/novoportal\/2023\/08\/07\/morre-a-atriz-aracy-balabanian-aos-83-anos\/","title":{"rendered":"MORRE A ATRIZ ARACY BALABANIAN AOS 83 ANOS"},"content":{"rendered":"<p><img loading=\"lazy\" decoding=\"async\" class=\"alignnone size-full wp-image-111341\" src=\"https:\/\/www.sudoestehoje.com.br\/novoportal\/wp-content\/uploads\/2023\/07\/BANNER-LINEUP-550x100-2.gif\" alt=\"\" width=\"550\" height=\"100\" \/><\/p>\n<p><img loading=\"lazy\" decoding=\"async\" class=\"alignnone  wp-image-111868\" src=\"https:\/\/www.sudoestehoje.com.br\/novoportal\/wp-content\/uploads\/2023\/08\/14115_84dd5911f7d1986-600x401.jpg\" alt=\"\" width=\"549\" height=\"367\" srcset=\"https:\/\/www.sudoestehoje.com.br\/novoportal\/wp-content\/uploads\/2023\/08\/14115_84dd5911f7d1986-600x401.jpg 600w, https:\/\/www.sudoestehoje.com.br\/novoportal\/wp-content\/uploads\/2023\/08\/14115_84dd5911f7d1986-700x468.jpg 700w, https:\/\/www.sudoestehoje.com.br\/novoportal\/wp-content\/uploads\/2023\/08\/14115_84dd5911f7d1986-768x514.jpg 768w, https:\/\/www.sudoestehoje.com.br\/novoportal\/wp-content\/uploads\/2023\/08\/14115_84dd5911f7d1986.jpg 800w\" sizes=\"auto, (max-width: 549px) 100vw, 549px\" \/><\/p>\n<p><strong>Morreu, na manh\u00e3 desta segunda-feira (07), a atriz Aracy Balabanian, aos 83 anos. A artista estava internada na Cl\u00ednica S\u00e3o Vicente, na G\u00e1vea na Zona Sul do Rio.<\/strong><\/p>\n<p><strong>Aracy foi diagnosticada com c\u00e2ncer no pulm\u00e3o no fim do ano passado. A informa\u00e7\u00e3o da morte da artista foi divulgada pela colunista Metr\u00f3poles.<\/strong><\/p>\n<p><strong>A atriz descobriu a doen\u00e7a ap\u00f3s passar por um tratamento para um derrame pleural, que causa ac\u00famulo de l\u00edquido nos pulm\u00f5es.<\/strong><\/p>\n","protected":false},"excerpt":{"rendered":"<p>Morreu, na manh\u00e3 desta segunda-feira (07), a atriz Aracy Balabanian, aos 83 anos. A artista estava internada na Cl\u00ednica S\u00e3o Vicente, na G\u00e1vea na Zona Sul do Rio. Aracy foi diagnosticada com c\u00e2ncer no pulm\u00e3o no fim do ano passado. A informa\u00e7\u00e3o da morte da artista foi divulgada pela colunista Metr\u00f3poles. A atriz descobriu a [&hellip;]<\/p>\n","protected":false},"author":2,"featured_media":111868,"comment_status":"closed","ping_status":"open","sticky":false,"template":"","format":"standard","meta":{"footnotes":"","_links_to":"","_links_to_target":""},"categories":[1],"tags":[],"class_list":["post-111865","post","type-post","status-publish","format-standard","has-post-thumbnail","hentry","category-geral"],"views":584,"_links":{"self":[{"href":"https:\/\/www.sudoestehoje.com.br\/novoportal\/wp-json\/wp\/v2\/posts\/111865","targetHints":{"allow":["GET"]}}],"collection":[{"href":"https:\/\/www.sudoestehoje.com.br\/novoportal\/wp-json\/wp\/v2\/posts"}],"about":[{"href":"https:\/\/www.sudoestehoje.com.br\/novoportal\/wp-json\/wp\/v2\/types\/post"}],"author":[{"embeddable":true,"href":"https:\/\/www.sudoestehoje.com.br\/novoportal\/wp-json\/wp\/v2\/users\/2"}],"replies":[{"embeddable":true,"href":"https:\/\/www.sudoestehoje.com.br\/novoportal\/wp-json\/wp\/v2\/comments?post=111865"}],"version-history":[{"count":3,"href":"https:\/\/www.sudoestehoje.com.br\/novoportal\/wp-json\/wp\/v2\/posts\/111865\/revisions"}],"predecessor-version":[{"id":111869,"href":"https:\/\/www.sudoestehoje.com.br\/novoportal\/wp-json\/wp\/v2\/posts\/111865\/revisions\/111869"}],"wp:featuredmedia":[{"embeddable":true,"href":"https:\/\/www.sudoestehoje.com.br\/novoportal\/wp-json\/wp\/v2\/media\/111868"}],"wp:attachment":[{"href":"https:\/\/www.sudoestehoje.com.br\/novoportal\/wp-json\/wp\/v2\/media?parent=111865"}],"wp:term":[{"taxonomy":"category","embeddable":true,"href":"https:\/\/www.sudoestehoje.com.br\/novoportal\/wp-json\/wp\/v2\/categories?post=111865"},{"taxonomy":"post_tag","embeddable":true,"href":"https:\/\/www.sudoestehoje.com.br\/novoportal\/wp-json\/wp\/v2\/tags?post=111865"}],"curies":[{"name":"wp","href":"https:\/\/api.w.org\/{rel}","templated":true}]}}