
{"id":111845,"date":"2023-08-07T08:48:33","date_gmt":"2023-08-07T11:48:33","guid":{"rendered":"https:\/\/www.sudoestehoje.com.br\/novoportal\/?p=111845"},"modified":"2023-08-07T08:48:33","modified_gmt":"2023-08-07T11:48:33","slug":"extremo-sul-veiculos-do-corpo-de-bombeiros-sao-atingidos-por-carreta-desgovernada-e-arremessados-em-um-rio","status":"publish","type":"post","link":"https:\/\/www.sudoestehoje.com.br\/novoportal\/2023\/08\/07\/extremo-sul-veiculos-do-corpo-de-bombeiros-sao-atingidos-por-carreta-desgovernada-e-arremessados-em-um-rio\/","title":{"rendered":"EXTREMO SUL | VE\u00cdCULOS DO CORPO DE BOMBEIROS S\u00c3O ATINGIDOS POR CARRETA DESGOVERNADA E ARREMESSADOS EM UM RIO"},"content":{"rendered":"<div id=\"chunk-4ro87\">\n<div class=\"mc-column content-text active-extra-styles \" data-block-type=\"unstyled\" data-block-weight=\"46\" data-block-id=\"3\">\n<p data-track-category=\"Link no Texto\" data-track-links=\"\"><img loading=\"lazy\" decoding=\"async\" class=\"alignnone  wp-image-111749\" src=\"https:\/\/www.sudoestehoje.com.br\/novoportal\/wp-content\/uploads\/2023\/08\/Portal-Sudoeste-1-1-600x65.jpg\" alt=\"\" width=\"554\" height=\"60\" srcset=\"https:\/\/www.sudoestehoje.com.br\/novoportal\/wp-content\/uploads\/2023\/08\/Portal-Sudoeste-1-1-600x65.jpg 600w, https:\/\/www.sudoestehoje.com.br\/novoportal\/wp-content\/uploads\/2023\/08\/Portal-Sudoeste-1-1-700x76.jpg 700w, https:\/\/www.sudoestehoje.com.br\/novoportal\/wp-content\/uploads\/2023\/08\/Portal-Sudoeste-1-1-768x84.jpg 768w, https:\/\/www.sudoestehoje.com.br\/novoportal\/wp-content\/uploads\/2023\/08\/Portal-Sudoeste-1-1.jpg 1100w\" sizes=\"auto, (max-width: 554px) 100vw, 554px\" \/><\/p>\n<p data-track-category=\"Link no Texto\" data-track-links=\"\"><img loading=\"lazy\" decoding=\"async\" class=\"alignnone  wp-image-111847\" src=\"https:\/\/www.sudoestehoje.com.br\/novoportal\/wp-content\/uploads\/2023\/08\/whatsapp-image-2023-08-06-at-19.32.03-600x338.webp\" alt=\"\" width=\"555\" height=\"312\" srcset=\"https:\/\/www.sudoestehoje.com.br\/novoportal\/wp-content\/uploads\/2023\/08\/whatsapp-image-2023-08-06-at-19.32.03-600x338.webp 600w, https:\/\/www.sudoestehoje.com.br\/novoportal\/wp-content\/uploads\/2023\/08\/whatsapp-image-2023-08-06-at-19.32.03-700x394.webp 700w, https:\/\/www.sudoestehoje.com.br\/novoportal\/wp-content\/uploads\/2023\/08\/whatsapp-image-2023-08-06-at-19.32.03-768x432.webp 768w, https:\/\/www.sudoestehoje.com.br\/novoportal\/wp-content\/uploads\/2023\/08\/whatsapp-image-2023-08-06-at-19.32.03.webp 984w\" sizes=\"auto, (max-width: 555px) 100vw, 555px\" \/><\/p>\n<p class=\"content-text__container \" data-track-category=\"Link no Texto\" data-track-links=\"\"><strong>Dois ve\u00edculos do Corpo de Bombeiros foram arremessados em um rio ap\u00f3s serem atingidos por uma carreta desgovernada na BR-101, em\u00a0Teixeira de Freitas, no sul da Bahia. O caso aconteceu neste domingo (6), enquanto as equipes prestavam socorro em um outro acidente no local.<\/strong><\/p>\n<\/div>\n<\/div>\n<div class=\"wall protected-content\">\n<div id=\"chunk-c8olc\">\n<div class=\"mc-column content-text active-extra-styles \" data-block-type=\"unstyled\" data-block-weight=\"36\" data-block-id=\"4\">\n<p class=\"content-text__container \" data-track-category=\"Link no Texto\" data-track-links=\"\"><strong>Os bombeiros foram acionados para a localidade conhecida como &#8220;Prainha&#8221; para auxiliar na ocorr\u00eancia de um acidente envolvendo um carro de passeio e uma carreta. Nessa situa\u00e7\u00e3o, tr\u00eas pessoas ficaram feridas e outras duas morreram.<\/strong><\/p>\n<\/div>\n<\/div>\n<div id=\"chunk-8psbq\">\n<div class=\"mc-column content-text active-extra-styles \" data-block-type=\"unstyled\" data-block-weight=\"18\" data-block-id=\"5\">\n<p class=\"content-text__container \" data-track-category=\"Link no Texto\" data-track-links=\"\"><strong>N\u00e3o h\u00e1 detalhes sobre o que causou a batida e os nomes das v\u00edtimas n\u00e3o foram informados.<\/strong><\/p>\n<p><span style=\"color: #0000ff;\"><strong><a style=\"color: #0000ff;\" href=\"https:\/\/g1.globo.com\/ba\/bahia\/noticia\/2023\/08\/06\/veiculos-se-envolvem-em-acidente-em-ponte-na-ba.ghtml\">VEJA MAT\u00c9RIA COMPLETA G1<\/a><\/strong><\/span><\/p>\n<\/div>\n<\/div>\n<\/div>\n","protected":false},"excerpt":{"rendered":"<p>Dois ve\u00edculos do Corpo de Bombeiros foram arremessados em um rio ap\u00f3s serem atingidos por uma carreta desgovernada na BR-101, em\u00a0Teixeira de Freitas, no sul da Bahia. O caso aconteceu neste domingo (6), enquanto as equipes prestavam socorro em um outro acidente no local. Os bombeiros foram acionados para a localidade conhecida como &#8220;Prainha&#8221; para [&hellip;]<\/p>\n","protected":false},"author":2,"featured_media":111847,"comment_status":"closed","ping_status":"open","sticky":false,"template":"","format":"standard","meta":{"footnotes":"","_links_to":"","_links_to_target":""},"categories":[1],"tags":[],"class_list":["post-111845","post","type-post","status-publish","format-standard","has-post-thumbnail","hentry","category-geral"],"views":1250,"_links":{"self":[{"href":"https:\/\/www.sudoestehoje.com.br\/novoportal\/wp-json\/wp\/v2\/posts\/111845","targetHints":{"allow":["GET"]}}],"collection":[{"href":"https:\/\/www.sudoestehoje.com.br\/novoportal\/wp-json\/wp\/v2\/posts"}],"about":[{"href":"https:\/\/www.sudoestehoje.com.br\/novoportal\/wp-json\/wp\/v2\/types\/post"}],"author":[{"embeddable":true,"href":"https:\/\/www.sudoestehoje.com.br\/novoportal\/wp-json\/wp\/v2\/users\/2"}],"replies":[{"embeddable":true,"href":"https:\/\/www.sudoestehoje.com.br\/novoportal\/wp-json\/wp\/v2\/comments?post=111845"}],"version-history":[{"count":2,"href":"https:\/\/www.sudoestehoje.com.br\/novoportal\/wp-json\/wp\/v2\/posts\/111845\/revisions"}],"predecessor-version":[{"id":111848,"href":"https:\/\/www.sudoestehoje.com.br\/novoportal\/wp-json\/wp\/v2\/posts\/111845\/revisions\/111848"}],"wp:featuredmedia":[{"embeddable":true,"href":"https:\/\/www.sudoestehoje.com.br\/novoportal\/wp-json\/wp\/v2\/media\/111847"}],"wp:attachment":[{"href":"https:\/\/www.sudoestehoje.com.br\/novoportal\/wp-json\/wp\/v2\/media?parent=111845"}],"wp:term":[{"taxonomy":"category","embeddable":true,"href":"https:\/\/www.sudoestehoje.com.br\/novoportal\/wp-json\/wp\/v2\/categories?post=111845"},{"taxonomy":"post_tag","embeddable":true,"href":"https:\/\/www.sudoestehoje.com.br\/novoportal\/wp-json\/wp\/v2\/tags?post=111845"}],"curies":[{"name":"wp","href":"https:\/\/api.w.org\/{rel}","templated":true}]}}