
{"id":111837,"date":"2023-08-06T13:54:04","date_gmt":"2023-08-06T16:54:04","guid":{"rendered":"https:\/\/www.sudoestehoje.com.br\/novoportal\/?p=111837"},"modified":"2023-08-06T13:55:26","modified_gmt":"2023-08-06T16:55:26","slug":"ministro-aciona-ouvidoria-dos-direitos-humanos-apos-policia-da-bahia-matar-30-pessoas-em-uma-semana","status":"publish","type":"post","link":"https:\/\/www.sudoestehoje.com.br\/novoportal\/2023\/08\/06\/ministro-aciona-ouvidoria-dos-direitos-humanos-apos-policia-da-bahia-matar-30-pessoas-em-uma-semana\/","title":{"rendered":"MINISTRO ACIONA OUVIDORIA DOS DIREITOS HUMANOS AP\u00d3S POL\u00cdCIA DA BAHIA MATAR 30 PESSOAS EM UMA SEMANA"},"content":{"rendered":"<div class=\"mdc-layout-grid__cell mdc-layout-grid__cell--span-6-desktop mdc-layout-grid__cell--span-8-tablet comp paragrafo cXenseParse\">\n<p><img loading=\"lazy\" decoding=\"async\" class=\"alignnone size-full wp-image-111341\" src=\"https:\/\/www.sudoestehoje.com.br\/novoportal\/wp-content\/uploads\/2023\/07\/BANNER-LINEUP-550x100-2.gif\" alt=\"\" width=\"550\" height=\"100\" \/><\/p>\n<p><img loading=\"lazy\" decoding=\"async\" class=\"alignnone wp-image-111841\" src=\"https:\/\/www.sudoestehoje.com.br\/novoportal\/wp-content\/uploads\/2023\/08\/1657233-600x373.jpg\" alt=\"\" width=\"550\" height=\"342\" srcset=\"https:\/\/www.sudoestehoje.com.br\/novoportal\/wp-content\/uploads\/2023\/08\/1657233-600x373.jpg 600w, https:\/\/www.sudoestehoje.com.br\/novoportal\/wp-content\/uploads\/2023\/08\/1657233-700x436.jpg 700w, https:\/\/www.sudoestehoje.com.br\/novoportal\/wp-content\/uploads\/2023\/08\/1657233-768x478.jpg 768w, https:\/\/www.sudoestehoje.com.br\/novoportal\/wp-content\/uploads\/2023\/08\/1657233.jpg 940w\" sizes=\"auto, (max-width: 550px) 100vw, 550px\" \/><\/p>\n<p><strong>O avan\u00e7o da letalidade da PM baiana despertou a aten\u00e7\u00e3o do ministro Silvio Almeida, chefe da pasta de Direitos Humanos e Cidadania do governo federal. Almeida anunciou, neste s\u00e1bado (6), que acionou a Ouvidoria do \u00f3rg\u00e3o para acompanhar as 30 mortes ocorridas durante a\u00e7\u00f5es policiais na Bahia entre 28 de julho e 4 de agosto.<\/strong><\/p>\n<p><strong>Segundo o ministro, interven\u00e7\u00f5es policiais que resultam em n\u00fameros expressivos de mortes &#8220;n\u00e3o s\u00e3o compat\u00edveis com um pa\u00eds que se pretende democr\u00e1tico e em conson\u00e2ncia com os Direitos Humanos&#8221;.<\/strong><\/p>\n<\/div>\n<div class=\"mdc-layout-grid__cell mdc-layout-grid__cell--span-6-desktop mdc-layout-grid__cell--span-8-tablet comp paragrafo cXenseParse\">\n<p><strong>A Ouvidoria Nacional de Direitos Humanos vai investigar o caso e ouvir as autoridades e os moradores da regi\u00e3o. O mesmo procedimento foi adotado, na semana passada, para apurar as mortes no Guaruj\u00e1, no litoral paulista, de alvos de uma opera\u00e7\u00e3o da PM de S\u00e3o Paulo. \/\/<em>Correio<\/em><\/strong><\/p>\n<\/div>\n","protected":false},"excerpt":{"rendered":"<p>O avan\u00e7o da letalidade da PM baiana despertou a aten\u00e7\u00e3o do ministro Silvio Almeida, chefe da pasta de Direitos Humanos e Cidadania do governo federal. Almeida anunciou, neste s\u00e1bado (6), que acionou a Ouvidoria do \u00f3rg\u00e3o para acompanhar as 30 mortes ocorridas durante a\u00e7\u00f5es policiais na Bahia entre 28 de julho e 4 de agosto. [&hellip;]<\/p>\n","protected":false},"author":2,"featured_media":111841,"comment_status":"closed","ping_status":"open","sticky":false,"template":"","format":"standard","meta":{"footnotes":"","_links_to":"","_links_to_target":""},"categories":[1],"tags":[],"class_list":["post-111837","post","type-post","status-publish","format-standard","has-post-thumbnail","hentry","category-geral"],"views":570,"_links":{"self":[{"href":"https:\/\/www.sudoestehoje.com.br\/novoportal\/wp-json\/wp\/v2\/posts\/111837","targetHints":{"allow":["GET"]}}],"collection":[{"href":"https:\/\/www.sudoestehoje.com.br\/novoportal\/wp-json\/wp\/v2\/posts"}],"about":[{"href":"https:\/\/www.sudoestehoje.com.br\/novoportal\/wp-json\/wp\/v2\/types\/post"}],"author":[{"embeddable":true,"href":"https:\/\/www.sudoestehoje.com.br\/novoportal\/wp-json\/wp\/v2\/users\/2"}],"replies":[{"embeddable":true,"href":"https:\/\/www.sudoestehoje.com.br\/novoportal\/wp-json\/wp\/v2\/comments?post=111837"}],"version-history":[{"count":5,"href":"https:\/\/www.sudoestehoje.com.br\/novoportal\/wp-json\/wp\/v2\/posts\/111837\/revisions"}],"predecessor-version":[{"id":111844,"href":"https:\/\/www.sudoestehoje.com.br\/novoportal\/wp-json\/wp\/v2\/posts\/111837\/revisions\/111844"}],"wp:featuredmedia":[{"embeddable":true,"href":"https:\/\/www.sudoestehoje.com.br\/novoportal\/wp-json\/wp\/v2\/media\/111841"}],"wp:attachment":[{"href":"https:\/\/www.sudoestehoje.com.br\/novoportal\/wp-json\/wp\/v2\/media?parent=111837"}],"wp:term":[{"taxonomy":"category","embeddable":true,"href":"https:\/\/www.sudoestehoje.com.br\/novoportal\/wp-json\/wp\/v2\/categories?post=111837"},{"taxonomy":"post_tag","embeddable":true,"href":"https:\/\/www.sudoestehoje.com.br\/novoportal\/wp-json\/wp\/v2\/tags?post=111837"}],"curies":[{"name":"wp","href":"https:\/\/api.w.org\/{rel}","templated":true}]}}