
{"id":111832,"date":"2023-08-06T12:37:30","date_gmt":"2023-08-06T15:37:30","guid":{"rendered":"https:\/\/www.sudoestehoje.com.br\/novoportal\/?p=111832"},"modified":"2023-08-06T12:37:30","modified_gmt":"2023-08-06T15:37:30","slug":"tradicao-romaria-de-bom-jesus-da-lapa-tem-ponto-alto-neste-domingo","status":"publish","type":"post","link":"https:\/\/www.sudoestehoje.com.br\/novoportal\/2023\/08\/06\/tradicao-romaria-de-bom-jesus-da-lapa-tem-ponto-alto-neste-domingo\/","title":{"rendered":"TRADI\u00c7\u00c3O | ROMARIA DE BOM JESUS DA LAPA TEM PONTO ALTO NESTE DOMINGO"},"content":{"rendered":"<p><img loading=\"lazy\" decoding=\"async\" class=\"alignnone  wp-image-111749\" src=\"https:\/\/www.sudoestehoje.com.br\/novoportal\/wp-content\/uploads\/2023\/08\/Portal-Sudoeste-1-1-600x65.jpg\" alt=\"\" width=\"554\" height=\"60\" srcset=\"https:\/\/www.sudoestehoje.com.br\/novoportal\/wp-content\/uploads\/2023\/08\/Portal-Sudoeste-1-1-600x65.jpg 600w, https:\/\/www.sudoestehoje.com.br\/novoportal\/wp-content\/uploads\/2023\/08\/Portal-Sudoeste-1-1-700x76.jpg 700w, https:\/\/www.sudoestehoje.com.br\/novoportal\/wp-content\/uploads\/2023\/08\/Portal-Sudoeste-1-1-768x84.jpg 768w, https:\/\/www.sudoestehoje.com.br\/novoportal\/wp-content\/uploads\/2023\/08\/Portal-Sudoeste-1-1.jpg 1100w\" sizes=\"auto, (max-width: 554px) 100vw, 554px\" \/><\/p>\n<p><img loading=\"lazy\" decoding=\"async\" class=\"alignnone  wp-image-111833\" src=\"https:\/\/www.sudoestehoje.com.br\/novoportal\/wp-content\/uploads\/2023\/08\/Bom_Jesus_1-600x400.jpg\" alt=\"\" width=\"554\" height=\"369\" srcset=\"https:\/\/www.sudoestehoje.com.br\/novoportal\/wp-content\/uploads\/2023\/08\/Bom_Jesus_1-600x400.jpg 600w, https:\/\/www.sudoestehoje.com.br\/novoportal\/wp-content\/uploads\/2023\/08\/Bom_Jesus_1-700x467.jpg 700w, https:\/\/www.sudoestehoje.com.br\/novoportal\/wp-content\/uploads\/2023\/08\/Bom_Jesus_1-768x512.jpg 768w, https:\/\/www.sudoestehoje.com.br\/novoportal\/wp-content\/uploads\/2023\/08\/Bom_Jesus_1.jpg 1140w\" sizes=\"auto, (max-width: 554px) 100vw, 554px\" \/><\/p>\n<p><strong>Fi\u00e9is cat\u00f3licos lotaram o Santu\u00e1rio da Lapa na tradicional romaria de Bom Jesus da Lapa, no Oeste baiano.<\/strong><\/p>\n<p><strong>O evento, que completou 332 anos neste ano, encerra-se neste domingo (6), com missas e celebra\u00e7\u00f5es ao longo do dia.<\/strong><\/p>\n<p><strong>A imagem do Bom Jesus ser\u00e1 levada pela cidade at\u00e9 o Santu\u00e1rio, onde a \u00faltima celebra\u00e7\u00e3o ocorrer\u00e1 por volta das 22h.<\/strong><\/p>\n","protected":false},"excerpt":{"rendered":"<p>Fi\u00e9is cat\u00f3licos lotaram o Santu\u00e1rio da Lapa na tradicional romaria de Bom Jesus da Lapa, no Oeste baiano. O evento, que completou 332 anos neste ano, encerra-se neste domingo (6), com missas e celebra\u00e7\u00f5es ao longo do dia. A imagem do Bom Jesus ser\u00e1 levada pela cidade at\u00e9 o Santu\u00e1rio, onde a \u00faltima celebra\u00e7\u00e3o ocorrer\u00e1 [&hellip;]<\/p>\n","protected":false},"author":2,"featured_media":111833,"comment_status":"closed","ping_status":"open","sticky":false,"template":"","format":"standard","meta":{"footnotes":"","_links_to":"","_links_to_target":""},"categories":[1],"tags":[],"class_list":["post-111832","post","type-post","status-publish","format-standard","has-post-thumbnail","hentry","category-geral"],"views":1154,"_links":{"self":[{"href":"https:\/\/www.sudoestehoje.com.br\/novoportal\/wp-json\/wp\/v2\/posts\/111832","targetHints":{"allow":["GET"]}}],"collection":[{"href":"https:\/\/www.sudoestehoje.com.br\/novoportal\/wp-json\/wp\/v2\/posts"}],"about":[{"href":"https:\/\/www.sudoestehoje.com.br\/novoportal\/wp-json\/wp\/v2\/types\/post"}],"author":[{"embeddable":true,"href":"https:\/\/www.sudoestehoje.com.br\/novoportal\/wp-json\/wp\/v2\/users\/2"}],"replies":[{"embeddable":true,"href":"https:\/\/www.sudoestehoje.com.br\/novoportal\/wp-json\/wp\/v2\/comments?post=111832"}],"version-history":[{"count":3,"href":"https:\/\/www.sudoestehoje.com.br\/novoportal\/wp-json\/wp\/v2\/posts\/111832\/revisions"}],"predecessor-version":[{"id":111836,"href":"https:\/\/www.sudoestehoje.com.br\/novoportal\/wp-json\/wp\/v2\/posts\/111832\/revisions\/111836"}],"wp:featuredmedia":[{"embeddable":true,"href":"https:\/\/www.sudoestehoje.com.br\/novoportal\/wp-json\/wp\/v2\/media\/111833"}],"wp:attachment":[{"href":"https:\/\/www.sudoestehoje.com.br\/novoportal\/wp-json\/wp\/v2\/media?parent=111832"}],"wp:term":[{"taxonomy":"category","embeddable":true,"href":"https:\/\/www.sudoestehoje.com.br\/novoportal\/wp-json\/wp\/v2\/categories?post=111832"},{"taxonomy":"post_tag","embeddable":true,"href":"https:\/\/www.sudoestehoje.com.br\/novoportal\/wp-json\/wp\/v2\/tags?post=111832"}],"curies":[{"name":"wp","href":"https:\/\/api.w.org\/{rel}","templated":true}]}}