
{"id":111824,"date":"2023-08-05T21:54:14","date_gmt":"2023-08-06T00:54:14","guid":{"rendered":"https:\/\/www.sudoestehoje.com.br\/novoportal\/?p=111824"},"modified":"2023-08-05T21:54:14","modified_gmt":"2023-08-06T00:54:14","slug":"regiao-festa-de-aniversario-de-96-anos-de-itambe-tera-grandes-shows","status":"publish","type":"post","link":"https:\/\/www.sudoestehoje.com.br\/novoportal\/2023\/08\/05\/regiao-festa-de-aniversario-de-96-anos-de-itambe-tera-grandes-shows\/","title":{"rendered":"REGI\u00c3O | FESTA DE ANIVERS\u00c1RIO DE 96 ANOS DE ITAMB\u00c9 TER\u00c1 GRANDES SHOWS"},"content":{"rendered":"<p><img loading=\"lazy\" decoding=\"async\" class=\"alignnone  wp-image-111733\" src=\"https:\/\/www.sudoestehoje.com.br\/novoportal\/wp-content\/uploads\/2023\/08\/Portal-Sudoeste-1-600x65.jpg\" alt=\"\" width=\"554\" height=\"60\" srcset=\"https:\/\/www.sudoestehoje.com.br\/novoportal\/wp-content\/uploads\/2023\/08\/Portal-Sudoeste-1-600x65.jpg 600w, https:\/\/www.sudoestehoje.com.br\/novoportal\/wp-content\/uploads\/2023\/08\/Portal-Sudoeste-1-700x76.jpg 700w, https:\/\/www.sudoestehoje.com.br\/novoportal\/wp-content\/uploads\/2023\/08\/Portal-Sudoeste-1-768x84.jpg 768w, https:\/\/www.sudoestehoje.com.br\/novoportal\/wp-content\/uploads\/2023\/08\/Portal-Sudoeste-1.jpg 1100w\" sizes=\"auto, (max-width: 554px) 100vw, 554px\" \/><\/p>\n<p><img loading=\"lazy\" decoding=\"async\" class=\"alignnone  wp-image-111825\" src=\"https:\/\/www.sudoestehoje.com.br\/novoportal\/wp-content\/uploads\/2023\/08\/BEL-600x379.jpg\" alt=\"\" width=\"554\" height=\"350\" srcset=\"https:\/\/www.sudoestehoje.com.br\/novoportal\/wp-content\/uploads\/2023\/08\/BEL-600x379.jpg 600w, https:\/\/www.sudoestehoje.com.br\/novoportal\/wp-content\/uploads\/2023\/08\/BEL-700x442.jpg 700w, https:\/\/www.sudoestehoje.com.br\/novoportal\/wp-content\/uploads\/2023\/08\/BEL-768x485.jpg 768w, https:\/\/www.sudoestehoje.com.br\/novoportal\/wp-content\/uploads\/2023\/08\/BEL.jpg 989w\" sizes=\"auto, (max-width: 554px) 100vw, 554px\" \/><\/p>\n<p><strong>O munic\u00edpio de Itamb\u00e9 est\u00e1 completando 96 anos e as comemora\u00e7\u00f5es ter\u00e3o grandes shows. A grade completa da festa j\u00e1 foi divulgada e conta com artistas de sucesso nacional e regional. Al\u00e9m das apresenta\u00e7\u00f5es musicais, a prefeitura pretende realizar a entrega de obras e anunciar novos investimentos.<\/strong><\/p>\n<p><strong>Neste ano, os festejos ter\u00e3o como tema \u2013 Itamb\u00e9, 96 anos: Respeito a nossa hist\u00f3ria, amor a nossa gente.<\/strong><\/p>\n<p><strong>A festa acontecer\u00e1 nos dias 10, 11, 12 e 13 de agosto na Pra\u00e7a San Filli. Os artistas confirmados s\u00e3o \u2013 Xanddy Harmonia, Bell Marques, Sinho Ferrary, Edigar M\u00e3o Branca, Tayrone, Trio da Huanna e Mateus Lopes.<\/strong><\/p>\n<p><strong>Antes da festa, no dia 10, haver\u00e1 um show gospel da cantora gospel Maria Mar\u00e7al.<\/strong><\/p>\n","protected":false},"excerpt":{"rendered":"<p>O munic\u00edpio de Itamb\u00e9 est\u00e1 completando 96 anos e as comemora\u00e7\u00f5es ter\u00e3o grandes shows. A grade completa da festa j\u00e1 foi divulgada e conta com artistas de sucesso nacional e regional. Al\u00e9m das apresenta\u00e7\u00f5es musicais, a prefeitura pretende realizar a entrega de obras e anunciar novos investimentos. Neste ano, os festejos ter\u00e3o como tema \u2013 [&hellip;]<\/p>\n","protected":false},"author":2,"featured_media":111825,"comment_status":"closed","ping_status":"open","sticky":false,"template":"","format":"standard","meta":{"footnotes":"","_links_to":"","_links_to_target":""},"categories":[1],"tags":[],"class_list":["post-111824","post","type-post","status-publish","format-standard","has-post-thumbnail","hentry","category-geral"],"views":1470,"_links":{"self":[{"href":"https:\/\/www.sudoestehoje.com.br\/novoportal\/wp-json\/wp\/v2\/posts\/111824","targetHints":{"allow":["GET"]}}],"collection":[{"href":"https:\/\/www.sudoestehoje.com.br\/novoportal\/wp-json\/wp\/v2\/posts"}],"about":[{"href":"https:\/\/www.sudoestehoje.com.br\/novoportal\/wp-json\/wp\/v2\/types\/post"}],"author":[{"embeddable":true,"href":"https:\/\/www.sudoestehoje.com.br\/novoportal\/wp-json\/wp\/v2\/users\/2"}],"replies":[{"embeddable":true,"href":"https:\/\/www.sudoestehoje.com.br\/novoportal\/wp-json\/wp\/v2\/comments?post=111824"}],"version-history":[{"count":1,"href":"https:\/\/www.sudoestehoje.com.br\/novoportal\/wp-json\/wp\/v2\/posts\/111824\/revisions"}],"predecessor-version":[{"id":111826,"href":"https:\/\/www.sudoestehoje.com.br\/novoportal\/wp-json\/wp\/v2\/posts\/111824\/revisions\/111826"}],"wp:featuredmedia":[{"embeddable":true,"href":"https:\/\/www.sudoestehoje.com.br\/novoportal\/wp-json\/wp\/v2\/media\/111825"}],"wp:attachment":[{"href":"https:\/\/www.sudoestehoje.com.br\/novoportal\/wp-json\/wp\/v2\/media?parent=111824"}],"wp:term":[{"taxonomy":"category","embeddable":true,"href":"https:\/\/www.sudoestehoje.com.br\/novoportal\/wp-json\/wp\/v2\/categories?post=111824"},{"taxonomy":"post_tag","embeddable":true,"href":"https:\/\/www.sudoestehoje.com.br\/novoportal\/wp-json\/wp\/v2\/tags?post=111824"}],"curies":[{"name":"wp","href":"https:\/\/api.w.org\/{rel}","templated":true}]}}