
{"id":111813,"date":"2023-08-05T14:26:57","date_gmt":"2023-08-05T17:26:57","guid":{"rendered":"https:\/\/www.sudoestehoje.com.br\/novoportal\/?p=111813"},"modified":"2023-08-06T11:30:31","modified_gmt":"2023-08-06T14:30:31","slug":"regiao-morte-do-biologo-andre-cordeiro-choca-itapetinga-e-macarani","status":"publish","type":"post","link":"https:\/\/www.sudoestehoje.com.br\/novoportal\/2023\/08\/05\/regiao-morte-do-biologo-andre-cordeiro-choca-itapetinga-e-macarani\/","title":{"rendered":"REGI\u00c3O | MORTE DO BI\u00d3LOGO ANDR\u00c9 CORDEIRO CHOCA ITAPETINGA E MACARANI"},"content":{"rendered":"<div id=\"chunk-a77ur\">\n<div class=\"mc-column content-text active-extra-styles \" data-block-type=\"unstyled\" data-block-weight=\"35\" data-block-id=\"3\">\n<p data-track-category=\"Link no Texto\" data-track-links=\"\"><img loading=\"lazy\" decoding=\"async\" class=\"alignnone size-full wp-image-111341\" src=\"https:\/\/www.sudoestehoje.com.br\/novoportal\/wp-content\/uploads\/2023\/07\/BANNER-LINEUP-550x100-2.gif\" alt=\"\" width=\"550\" height=\"100\" \/><\/p>\n<p data-track-category=\"Link no Texto\" data-track-links=\"\"><img loading=\"lazy\" decoding=\"async\" class=\"alignnone wp-image-111815\" src=\"https:\/\/www.sudoestehoje.com.br\/novoportal\/wp-content\/uploads\/2023\/08\/whatsapp-image-2023-08-05-at-15.58.19-600x376.webp\" alt=\"\" width=\"551\" height=\"345\" srcset=\"https:\/\/www.sudoestehoje.com.br\/novoportal\/wp-content\/uploads\/2023\/08\/whatsapp-image-2023-08-05-at-15.58.19-600x376.webp 600w, https:\/\/www.sudoestehoje.com.br\/novoportal\/wp-content\/uploads\/2023\/08\/whatsapp-image-2023-08-05-at-15.58.19-700x438.webp 700w, https:\/\/www.sudoestehoje.com.br\/novoportal\/wp-content\/uploads\/2023\/08\/whatsapp-image-2023-08-05-at-15.58.19-768x481.webp 768w, https:\/\/www.sudoestehoje.com.br\/novoportal\/wp-content\/uploads\/2023\/08\/whatsapp-image-2023-08-05-at-15.58.19.webp 984w\" sizes=\"auto, (max-width: 551px) 100vw, 551px\" \/><\/p>\n<p class=\"content-text__container \" data-track-category=\"Link no Texto\" data-track-links=\"\"><strong>Um acidente grave ocorreu na manh\u00e3 deste s\u00e1bado (5), quando o motorista de um ve\u00edculo morreu ap\u00f3s perder o controle da dire\u00e7\u00e3o e cair em uma ribanceira, na BA-270, entre as cidades de Itapetinga e Macarani, no sudoeste do estado.<\/strong><\/p>\n<\/div>\n<\/div>\n<div class=\"wall protected-content\">\n<div id=\"chunk-9suje\">\n<div class=\"mc-column content-text active-extra-styles \" data-block-type=\"unstyled\" data-block-weight=\"26\" data-block-id=\"4\">\n<p class=\"content-text__container \" data-track-category=\"Link no Texto\" data-track-links=\"\"><strong>Ap\u00f3s o acidente, o motorista do ve\u00edculo foi logo identificado como Andr\u00e9 Cordeiro, bi\u00f3logo e comerciante muito conhecido na regi\u00e3o. O corpo dele foi encaminhado para o Departamento de Pol\u00edcia T\u00e9cnica (DPT) de Itapetinga.<\/strong><\/p>\n<\/div>\n<\/div>\n<div id=\"chunk-fauq4\">\n<div class=\"mc-column content-text active-extra-styles \" data-block-type=\"unstyled\" data-block-weight=\"29\" data-block-id=\"5\">\n<p class=\"content-text__container \" data-track-category=\"Link no Texto\" data-track-links=\"\"><strong>Andr\u00e9 era de Itapetinga, mas tinha uma farm\u00e1cia na cidade de Macarani. Al\u00e9m disso, ele era bi\u00f3logo e professor. Sua esposa Suzane, \u00e9 advogada e presidente da sub-Sec\u00e7\u00e3o da OAB em Itapetinga.<\/strong><\/p>\n<p data-track-category=\"Link no Texto\" data-track-links=\"\"><strong>A sua morte causou forte como\u00e7\u00e3o em toda a regi\u00e3o.<\/strong><\/p>\n<p data-track-category=\"Link no Texto\" data-track-links=\"\"><em><strong>Reda\u00e7\u00e3o<\/strong><\/em><\/p>\n<\/div>\n<\/div>\n<\/div>\n","protected":false},"excerpt":{"rendered":"<p>Um acidente grave ocorreu na manh\u00e3 deste s\u00e1bado (5), quando o motorista de um ve\u00edculo morreu ap\u00f3s perder o controle da dire\u00e7\u00e3o e cair em uma ribanceira, na BA-270, entre as cidades de Itapetinga e Macarani, no sudoeste do estado. Ap\u00f3s o acidente, o motorista do ve\u00edculo foi logo identificado como Andr\u00e9 Cordeiro, bi\u00f3logo e [&hellip;]<\/p>\n","protected":false},"author":2,"featured_media":111815,"comment_status":"closed","ping_status":"open","sticky":false,"template":"","format":"standard","meta":{"footnotes":"","_links_to":"","_links_to_target":""},"categories":[1],"tags":[],"class_list":["post-111813","post","type-post","status-publish","format-standard","has-post-thumbnail","hentry","category-geral"],"views":1928,"_links":{"self":[{"href":"https:\/\/www.sudoestehoje.com.br\/novoportal\/wp-json\/wp\/v2\/posts\/111813","targetHints":{"allow":["GET"]}}],"collection":[{"href":"https:\/\/www.sudoestehoje.com.br\/novoportal\/wp-json\/wp\/v2\/posts"}],"about":[{"href":"https:\/\/www.sudoestehoje.com.br\/novoportal\/wp-json\/wp\/v2\/types\/post"}],"author":[{"embeddable":true,"href":"https:\/\/www.sudoestehoje.com.br\/novoportal\/wp-json\/wp\/v2\/users\/2"}],"replies":[{"embeddable":true,"href":"https:\/\/www.sudoestehoje.com.br\/novoportal\/wp-json\/wp\/v2\/comments?post=111813"}],"version-history":[{"count":8,"href":"https:\/\/www.sudoestehoje.com.br\/novoportal\/wp-json\/wp\/v2\/posts\/111813\/revisions"}],"predecessor-version":[{"id":111827,"href":"https:\/\/www.sudoestehoje.com.br\/novoportal\/wp-json\/wp\/v2\/posts\/111813\/revisions\/111827"}],"wp:featuredmedia":[{"embeddable":true,"href":"https:\/\/www.sudoestehoje.com.br\/novoportal\/wp-json\/wp\/v2\/media\/111815"}],"wp:attachment":[{"href":"https:\/\/www.sudoestehoje.com.br\/novoportal\/wp-json\/wp\/v2\/media?parent=111813"}],"wp:term":[{"taxonomy":"category","embeddable":true,"href":"https:\/\/www.sudoestehoje.com.br\/novoportal\/wp-json\/wp\/v2\/categories?post=111813"},{"taxonomy":"post_tag","embeddable":true,"href":"https:\/\/www.sudoestehoje.com.br\/novoportal\/wp-json\/wp\/v2\/tags?post=111813"}],"curies":[{"name":"wp","href":"https:\/\/api.w.org\/{rel}","templated":true}]}}