
{"id":111806,"date":"2023-08-05T00:13:36","date_gmt":"2023-08-05T03:13:36","guid":{"rendered":"https:\/\/www.sudoestehoje.com.br\/novoportal\/?p=111806"},"modified":"2023-08-05T00:13:36","modified_gmt":"2023-08-05T03:13:36","slug":"exposicao-de-feira-de-santana-e-adiada-pela-prefeitura-para-conter-gastos","status":"publish","type":"post","link":"https:\/\/www.sudoestehoje.com.br\/novoportal\/2023\/08\/05\/exposicao-de-feira-de-santana-e-adiada-pela-prefeitura-para-conter-gastos\/","title":{"rendered":"EXPOSI\u00c7\u00c3O DE FEIRA DE SANTANA \u00c9 ADIADA PELA PREFEITURA PARA &#8216;CONTER GASTOS&#8217;"},"content":{"rendered":"<p><img loading=\"lazy\" decoding=\"async\" class=\"alignnone  wp-image-111749\" src=\"https:\/\/www.sudoestehoje.com.br\/novoportal\/wp-content\/uploads\/2023\/08\/Portal-Sudoeste-1-1-600x65.jpg\" alt=\"\" width=\"554\" height=\"60\" srcset=\"https:\/\/www.sudoestehoje.com.br\/novoportal\/wp-content\/uploads\/2023\/08\/Portal-Sudoeste-1-1-600x65.jpg 600w, https:\/\/www.sudoestehoje.com.br\/novoportal\/wp-content\/uploads\/2023\/08\/Portal-Sudoeste-1-1-700x76.jpg 700w, https:\/\/www.sudoestehoje.com.br\/novoportal\/wp-content\/uploads\/2023\/08\/Portal-Sudoeste-1-1-768x84.jpg 768w, https:\/\/www.sudoestehoje.com.br\/novoportal\/wp-content\/uploads\/2023\/08\/Portal-Sudoeste-1-1.jpg 1100w\" sizes=\"auto, (max-width: 554px) 100vw, 554px\" \/><\/p>\n<p><img loading=\"lazy\" decoding=\"async\" class=\"alignnone  wp-image-111808\" src=\"https:\/\/www.sudoestehoje.com.br\/novoportal\/wp-content\/uploads\/2023\/08\/Expofeira-foto-Jorge-Magalhaes-1-1-600x400.jpg\" alt=\"\" width=\"554\" height=\"369\" srcset=\"https:\/\/www.sudoestehoje.com.br\/novoportal\/wp-content\/uploads\/2023\/08\/Expofeira-foto-Jorge-Magalhaes-1-1-600x400.jpg 600w, https:\/\/www.sudoestehoje.com.br\/novoportal\/wp-content\/uploads\/2023\/08\/Expofeira-foto-Jorge-Magalhaes-1-1-700x467.jpg 700w, https:\/\/www.sudoestehoje.com.br\/novoportal\/wp-content\/uploads\/2023\/08\/Expofeira-foto-Jorge-Magalhaes-1-1-768x512.jpg 768w, https:\/\/www.sudoestehoje.com.br\/novoportal\/wp-content\/uploads\/2023\/08\/Expofeira-foto-Jorge-Magalhaes-1-1.jpg 1299w\" sizes=\"auto, (max-width: 554px) 100vw, 554px\" \/><\/p>\n<p><strong>A Prefeitura de Feira de Santana precisou adiar a realiza\u00e7\u00e3o da Exposi\u00e7\u00e3o Agropecu\u00e1ria (Expofeira)\u00a0que aconteceria em setembro, na cidade. O an\u00fancio foi feito nesta sexta-feira (4) e ainda n\u00e3o h\u00e1 uma nova data para a realiza\u00e7\u00e3o do evento, uma das maiores feiras de exposi\u00e7\u00e3o agropecu\u00e1ria do Nordeste.<\/strong><\/p>\n<p><strong>De acordo com o munic\u00edpio,\u00a0a decis\u00e3o leva em conta decreto que determina a redu\u00e7\u00e3o de gastos p\u00fablicos pelo per\u00edodo de 90 dias em diversas \u00e1reas. A diminui\u00e7\u00e3o das despesas \u00e9 exigida em fun\u00e7\u00e3o da queda significativa da arrecada\u00e7\u00e3o tribut\u00e1ria e nos repasses estaduais e federais.<\/strong><\/p>\n<p><strong>Em nota, a Prefeitura confirmou que\u00a0a Expofeira ser\u00e1 adiada para priorizar a aloca\u00e7\u00e3o de recursos em \u00e1reas de maior urg\u00eancia para a comunidade.<\/strong><\/p>\n","protected":false},"excerpt":{"rendered":"<p>A Prefeitura de Feira de Santana precisou adiar a realiza\u00e7\u00e3o da Exposi\u00e7\u00e3o Agropecu\u00e1ria (Expofeira)\u00a0que aconteceria em setembro, na cidade. O an\u00fancio foi feito nesta sexta-feira (4) e ainda n\u00e3o h\u00e1 uma nova data para a realiza\u00e7\u00e3o do evento, uma das maiores feiras de exposi\u00e7\u00e3o agropecu\u00e1ria do Nordeste. De acordo com o munic\u00edpio,\u00a0a decis\u00e3o leva em [&hellip;]<\/p>\n","protected":false},"author":2,"featured_media":111808,"comment_status":"closed","ping_status":"open","sticky":false,"template":"","format":"standard","meta":{"footnotes":"","_links_to":"","_links_to_target":""},"categories":[1],"tags":[],"class_list":["post-111806","post","type-post","status-publish","format-standard","has-post-thumbnail","hentry","category-geral"],"views":654,"_links":{"self":[{"href":"https:\/\/www.sudoestehoje.com.br\/novoportal\/wp-json\/wp\/v2\/posts\/111806","targetHints":{"allow":["GET"]}}],"collection":[{"href":"https:\/\/www.sudoestehoje.com.br\/novoportal\/wp-json\/wp\/v2\/posts"}],"about":[{"href":"https:\/\/www.sudoestehoje.com.br\/novoportal\/wp-json\/wp\/v2\/types\/post"}],"author":[{"embeddable":true,"href":"https:\/\/www.sudoestehoje.com.br\/novoportal\/wp-json\/wp\/v2\/users\/2"}],"replies":[{"embeddable":true,"href":"https:\/\/www.sudoestehoje.com.br\/novoportal\/wp-json\/wp\/v2\/comments?post=111806"}],"version-history":[{"count":3,"href":"https:\/\/www.sudoestehoje.com.br\/novoportal\/wp-json\/wp\/v2\/posts\/111806\/revisions"}],"predecessor-version":[{"id":111812,"href":"https:\/\/www.sudoestehoje.com.br\/novoportal\/wp-json\/wp\/v2\/posts\/111806\/revisions\/111812"}],"wp:featuredmedia":[{"embeddable":true,"href":"https:\/\/www.sudoestehoje.com.br\/novoportal\/wp-json\/wp\/v2\/media\/111808"}],"wp:attachment":[{"href":"https:\/\/www.sudoestehoje.com.br\/novoportal\/wp-json\/wp\/v2\/media?parent=111806"}],"wp:term":[{"taxonomy":"category","embeddable":true,"href":"https:\/\/www.sudoestehoje.com.br\/novoportal\/wp-json\/wp\/v2\/categories?post=111806"},{"taxonomy":"post_tag","embeddable":true,"href":"https:\/\/www.sudoestehoje.com.br\/novoportal\/wp-json\/wp\/v2\/tags?post=111806"}],"curies":[{"name":"wp","href":"https:\/\/api.w.org\/{rel}","templated":true}]}}