
{"id":111801,"date":"2023-08-04T23:04:05","date_gmt":"2023-08-05T02:04:05","guid":{"rendered":"https:\/\/www.sudoestehoje.com.br\/novoportal\/?p=111801"},"modified":"2023-08-04T23:04:05","modified_gmt":"2023-08-05T02:04:05","slug":"itapetinga-tio-e-preso-por-estupro-de-vulneravel-apos-abusar-do-sobrinho-de-14-anos","status":"publish","type":"post","link":"https:\/\/www.sudoestehoje.com.br\/novoportal\/2023\/08\/04\/itapetinga-tio-e-preso-por-estupro-de-vulneravel-apos-abusar-do-sobrinho-de-14-anos\/","title":{"rendered":"ITAPETINGA | TIO \u00c9 PRESO POR ESTUPRO DE VULNER\u00c1VEL AP\u00d3S ABUSAR DO SOBRINHO DE 14 ANOS"},"content":{"rendered":"<p><img loading=\"lazy\" decoding=\"async\" class=\"alignnone size-full wp-image-111341\" src=\"https:\/\/www.sudoestehoje.com.br\/novoportal\/wp-content\/uploads\/2023\/07\/BANNER-LINEUP-550x100-2.gif\" alt=\"\" width=\"550\" height=\"100\" \/><\/p>\n<p><img loading=\"lazy\" decoding=\"async\" class=\"alignnone  wp-image-111804\" src=\"https:\/\/www.sudoestehoje.com.br\/novoportal\/wp-content\/uploads\/2023\/08\/POLICIA-CIVIL-PC-1024x576-1-600x338.jpeg\" alt=\"\" width=\"549\" height=\"309\" srcset=\"https:\/\/www.sudoestehoje.com.br\/novoportal\/wp-content\/uploads\/2023\/08\/POLICIA-CIVIL-PC-1024x576-1-600x338.jpeg 600w, https:\/\/www.sudoestehoje.com.br\/novoportal\/wp-content\/uploads\/2023\/08\/POLICIA-CIVIL-PC-1024x576-1-700x394.jpeg 700w, https:\/\/www.sudoestehoje.com.br\/novoportal\/wp-content\/uploads\/2023\/08\/POLICIA-CIVIL-PC-1024x576-1-768x432.jpeg 768w, https:\/\/www.sudoestehoje.com.br\/novoportal\/wp-content\/uploads\/2023\/08\/POLICIA-CIVIL-PC-1024x576-1.jpeg 1024w\" sizes=\"auto, (max-width: 549px) 100vw, 549px\" \/><\/p>\n<p><strong>Policiais da 21\u00aa Coordenadoria Regional de Pol\u00edcia do Interior (Coorpin\/Itapetinga) e do N\u00facleo Especial de Atendimento \u00e0 Mulher (NEAM) de Itapetinga cumpriram um mandado de pris\u00e3o contra um homem de 44 anos, acusado de estupro de vulner\u00e1vel contra seu sobrinho, um adolescente de 14 anos, nesta sexta-feira (4).<\/strong><\/p>\n<p><strong>Segundo informa\u00e7\u00f5es da delegada Deborah Soares, titular do NEAM\/Itapetinga, o acusado vinha abusando do sobrinho h\u00e1 quatro anos, desde que o adolescente tinha apenas 11 anos de idade. A descoberta dos abusos ocorreu atrav\u00e9s de uma escuta especializada com a v\u00edtima.<\/strong><\/p>\n<p><strong>O suspeito \u00e9 tio do adolescente. Os abusos foram denunciados na quarta-feira (2) pela prima da v\u00edtima.<\/strong><\/p>\n<p><strong>Ap\u00f3s a den\u00fancia, foi expedida uma requisi\u00e7\u00e3o de exame pericial para constata\u00e7\u00e3o do ato libidinoso, comprovando a veracidade das acusa\u00e7\u00f5es. O adolescente est\u00e1 sendo acompanhado pelo Conselho Tutelar, que visa garantir seu amparo e prote\u00e7\u00e3o nesse momento delicado.<\/strong><\/p>\n<p><strong>O acusado foi encaminhado para a carceragem e permanece custodiado \u00e0 disposi\u00e7\u00e3o da Justi\u00e7a. Espera-se que a lei seja aplicada com rigor e que a v\u00edtima e sua fam\u00edlia encontrem o suporte necess\u00e1rio para superar as sequelas emocionais causadas por esse crime.<\/strong><\/p>\n","protected":false},"excerpt":{"rendered":"<p>Policiais da 21\u00aa Coordenadoria Regional de Pol\u00edcia do Interior (Coorpin\/Itapetinga) e do N\u00facleo Especial de Atendimento \u00e0 Mulher (NEAM) de Itapetinga cumpriram um mandado de pris\u00e3o contra um homem de 44 anos, acusado de estupro de vulner\u00e1vel contra seu sobrinho, um adolescente de 14 anos, nesta sexta-feira (4). Segundo informa\u00e7\u00f5es da delegada Deborah Soares, titular [&hellip;]<\/p>\n","protected":false},"author":2,"featured_media":111804,"comment_status":"closed","ping_status":"open","sticky":false,"template":"","format":"standard","meta":{"footnotes":"","_links_to":"","_links_to_target":""},"categories":[1],"tags":[],"class_list":["post-111801","post","type-post","status-publish","format-standard","has-post-thumbnail","hentry","category-geral"],"views":1755,"_links":{"self":[{"href":"https:\/\/www.sudoestehoje.com.br\/novoportal\/wp-json\/wp\/v2\/posts\/111801","targetHints":{"allow":["GET"]}}],"collection":[{"href":"https:\/\/www.sudoestehoje.com.br\/novoportal\/wp-json\/wp\/v2\/posts"}],"about":[{"href":"https:\/\/www.sudoestehoje.com.br\/novoportal\/wp-json\/wp\/v2\/types\/post"}],"author":[{"embeddable":true,"href":"https:\/\/www.sudoestehoje.com.br\/novoportal\/wp-json\/wp\/v2\/users\/2"}],"replies":[{"embeddable":true,"href":"https:\/\/www.sudoestehoje.com.br\/novoportal\/wp-json\/wp\/v2\/comments?post=111801"}],"version-history":[{"count":3,"href":"https:\/\/www.sudoestehoje.com.br\/novoportal\/wp-json\/wp\/v2\/posts\/111801\/revisions"}],"predecessor-version":[{"id":111805,"href":"https:\/\/www.sudoestehoje.com.br\/novoportal\/wp-json\/wp\/v2\/posts\/111801\/revisions\/111805"}],"wp:featuredmedia":[{"embeddable":true,"href":"https:\/\/www.sudoestehoje.com.br\/novoportal\/wp-json\/wp\/v2\/media\/111804"}],"wp:attachment":[{"href":"https:\/\/www.sudoestehoje.com.br\/novoportal\/wp-json\/wp\/v2\/media?parent=111801"}],"wp:term":[{"taxonomy":"category","embeddable":true,"href":"https:\/\/www.sudoestehoje.com.br\/novoportal\/wp-json\/wp\/v2\/categories?post=111801"},{"taxonomy":"post_tag","embeddable":true,"href":"https:\/\/www.sudoestehoje.com.br\/novoportal\/wp-json\/wp\/v2\/tags?post=111801"}],"curies":[{"name":"wp","href":"https:\/\/api.w.org\/{rel}","templated":true}]}}