
{"id":111793,"date":"2023-08-04T18:17:59","date_gmt":"2023-08-04T21:17:59","guid":{"rendered":"https:\/\/www.sudoestehoje.com.br\/novoportal\/?p=111793"},"modified":"2023-08-04T18:17:59","modified_gmt":"2023-08-04T21:17:59","slug":"nova-rodoviaria-devera-ser-construida-no-trevo-da-lagoa-sugere-davi-ferraz","status":"publish","type":"post","link":"https:\/\/www.sudoestehoje.com.br\/novoportal\/2023\/08\/04\/nova-rodoviaria-devera-ser-construida-no-trevo-da-lagoa-sugere-davi-ferraz\/","title":{"rendered":"&#8216;NOVA RODOVI\u00c1RIA DEVER\u00c1 SER CONSTRU\u00cdDA NO TREVO DA LAGOA&#8217;, SUGERE DAVI FERRAZ"},"content":{"rendered":"<p><img loading=\"lazy\" decoding=\"async\" class=\"alignnone  wp-image-111749\" src=\"https:\/\/www.sudoestehoje.com.br\/novoportal\/wp-content\/uploads\/2023\/08\/Portal-Sudoeste-1-1-600x65.jpg\" alt=\"\" width=\"554\" height=\"60\" srcset=\"https:\/\/www.sudoestehoje.com.br\/novoportal\/wp-content\/uploads\/2023\/08\/Portal-Sudoeste-1-1-600x65.jpg 600w, https:\/\/www.sudoestehoje.com.br\/novoportal\/wp-content\/uploads\/2023\/08\/Portal-Sudoeste-1-1-700x76.jpg 700w, https:\/\/www.sudoestehoje.com.br\/novoportal\/wp-content\/uploads\/2023\/08\/Portal-Sudoeste-1-1-768x84.jpg 768w, https:\/\/www.sudoestehoje.com.br\/novoportal\/wp-content\/uploads\/2023\/08\/Portal-Sudoeste-1-1.jpg 1100w\" sizes=\"auto, (max-width: 554px) 100vw, 554px\" \/><\/p>\n<p><img loading=\"lazy\" decoding=\"async\" class=\"alignnone  wp-image-111795\" src=\"https:\/\/www.sudoestehoje.com.br\/novoportal\/wp-content\/uploads\/2023\/08\/20201008-rodoviariapinda-600x338.jpg\" alt=\"\" width=\"554\" height=\"312\" srcset=\"https:\/\/www.sudoestehoje.com.br\/novoportal\/wp-content\/uploads\/2023\/08\/20201008-rodoviariapinda-600x338.jpg 600w, https:\/\/www.sudoestehoje.com.br\/novoportal\/wp-content\/uploads\/2023\/08\/20201008-rodoviariapinda-700x394.jpg 700w, https:\/\/www.sudoestehoje.com.br\/novoportal\/wp-content\/uploads\/2023\/08\/20201008-rodoviariapinda.jpg 750w\" sizes=\"auto, (max-width: 554px) 100vw, 554px\" \/><\/p>\n<p><strong>A constru\u00e7\u00e3o de um novo Terminal Rodovi\u00e1rio em Itapetinga \u00e9 tema recorrente na cidade e agora passa a ser defendida tamb\u00e9m pelo pr\u00e9-candidato a prefeito Davi Ferraz, advogado experiente na \u00e1rea p\u00fablica, com participa\u00e7\u00e3o ativa em v\u00e1rias gest\u00f5es municipais em Itapetinga e regi\u00e3o.<\/strong><\/p>\n<p><strong><em>&#8220;A atual Rodovi\u00e1ria \u00e9 muito antiga e n\u00e3o cumpre mais o seu papel h\u00e1 anos, apesar do bom estado de conserva\u00e7\u00e3o. A sua localiza\u00e7\u00e3o fica totalmente fora do eixo rodovi\u00e1rio e um novo terminal dever\u00e1 ser erguido \u00e0s margens da BA-263, nas proximidades do trevo da Lagoa&#8221;<\/em>, defende Davi Ferraz. <\/strong><\/p>\n<p><strong><em>&#8220;J\u00e1 tive a oportunidade de conversar sobre este projeto com o pr\u00f3prio prefeito Rodrigo Hagge e ele tamb\u00e9m manifestou esse desejo, com muito entusiasmo. \u00c9 projeto dele&#8221;<\/em>, lembrou o pr\u00e9-candidato.<\/strong><\/p>\n<p><strong>CENTRO DE CULTURA E ARTE NA ANTIGA RODOVI\u00c1RIA<\/strong><\/p>\n<p><strong>Na sua proposta, Davi Ferraz defende a transforma\u00e7\u00e3o da antiga rodovi\u00e1ria em um Centro de Cultura e Arte, tamb\u00e9m necess\u00e1rio na nossa cidade. <em>&#8220;Com algumas adapta\u00e7\u00f5es, a velha Rodovi\u00e1ria constru\u00edda na d\u00e9cada de 1970, no governo Evandro Andrade, pode ser transformada em um moderno Centro Cultural, com espa\u00e7os para artesanato, gastronomia e at\u00e9 audit\u00f3rio para eventos&#8221;<\/em>.<\/strong><\/p>\n<p><strong>Davi lembrou ainda que a compet\u00eancia para construir e manter os terminais rodovi\u00e1rios do estado da Bahia \u00e9 da AGERBA, ag\u00eancia estadual ligada \u00e0 Secretaria da Infraestrutura (SEINFRA), bastando que haja gest\u00e3o pol\u00edtica junto ao governo e boa vontade por parte do Estado.<\/strong><\/p>\n<p><strong><em>&#8220;O Governo da Bahia deve muito a Itapetinga&#8221;<\/em>, concluiu Davi Ferraz.\u00a0<\/strong><\/p>\n<p><em><strong>Reda\u00e7\u00e3o<\/strong> <strong>SH<\/strong><\/em><\/p>\n","protected":false},"excerpt":{"rendered":"<p>A constru\u00e7\u00e3o de um novo Terminal Rodovi\u00e1rio em Itapetinga \u00e9 tema recorrente na cidade e agora passa a ser defendida tamb\u00e9m pelo pr\u00e9-candidato a prefeito Davi Ferraz, advogado experiente na \u00e1rea p\u00fablica, com participa\u00e7\u00e3o ativa em v\u00e1rias gest\u00f5es municipais em Itapetinga e regi\u00e3o. &#8220;A atual Rodovi\u00e1ria \u00e9 muito antiga e n\u00e3o cumpre mais o seu [&hellip;]<\/p>\n","protected":false},"author":2,"featured_media":111795,"comment_status":"closed","ping_status":"open","sticky":false,"template":"","format":"standard","meta":{"footnotes":"","_links_to":"","_links_to_target":""},"categories":[1],"tags":[],"class_list":["post-111793","post","type-post","status-publish","format-standard","has-post-thumbnail","hentry","category-geral"],"views":2444,"_links":{"self":[{"href":"https:\/\/www.sudoestehoje.com.br\/novoportal\/wp-json\/wp\/v2\/posts\/111793","targetHints":{"allow":["GET"]}}],"collection":[{"href":"https:\/\/www.sudoestehoje.com.br\/novoportal\/wp-json\/wp\/v2\/posts"}],"about":[{"href":"https:\/\/www.sudoestehoje.com.br\/novoportal\/wp-json\/wp\/v2\/types\/post"}],"author":[{"embeddable":true,"href":"https:\/\/www.sudoestehoje.com.br\/novoportal\/wp-json\/wp\/v2\/users\/2"}],"replies":[{"embeddable":true,"href":"https:\/\/www.sudoestehoje.com.br\/novoportal\/wp-json\/wp\/v2\/comments?post=111793"}],"version-history":[{"count":4,"href":"https:\/\/www.sudoestehoje.com.br\/novoportal\/wp-json\/wp\/v2\/posts\/111793\/revisions"}],"predecessor-version":[{"id":111798,"href":"https:\/\/www.sudoestehoje.com.br\/novoportal\/wp-json\/wp\/v2\/posts\/111793\/revisions\/111798"}],"wp:featuredmedia":[{"embeddable":true,"href":"https:\/\/www.sudoestehoje.com.br\/novoportal\/wp-json\/wp\/v2\/media\/111795"}],"wp:attachment":[{"href":"https:\/\/www.sudoestehoje.com.br\/novoportal\/wp-json\/wp\/v2\/media?parent=111793"}],"wp:term":[{"taxonomy":"category","embeddable":true,"href":"https:\/\/www.sudoestehoje.com.br\/novoportal\/wp-json\/wp\/v2\/categories?post=111793"},{"taxonomy":"post_tag","embeddable":true,"href":"https:\/\/www.sudoestehoje.com.br\/novoportal\/wp-json\/wp\/v2\/tags?post=111793"}],"curies":[{"name":"wp","href":"https:\/\/api.w.org\/{rel}","templated":true}]}}