
{"id":111776,"date":"2023-08-04T11:54:20","date_gmt":"2023-08-04T14:54:20","guid":{"rendered":"https:\/\/www.sudoestehoje.com.br\/novoportal\/?p=111776"},"modified":"2023-08-04T20:45:53","modified_gmt":"2023-08-04T23:45:53","slug":"parceria-entre-coopardo-e-vl-agropecuaria-fortalece-o-agronegocio-na-regiao","status":"publish","type":"post","link":"https:\/\/www.sudoestehoje.com.br\/novoportal\/2023\/08\/04\/parceria-entre-coopardo-e-vl-agropecuaria-fortalece-o-agronegocio-na-regiao\/","title":{"rendered":"PARCERIA ENTRE COOPARDO E VL AGROPECU\u00c1RIA FORTALECE O AGRONEG\u00d3CIO NA REGI\u00c3O"},"content":{"rendered":"<p><img loading=\"lazy\" decoding=\"async\" class=\"alignnone size-full wp-image-111341\" src=\"https:\/\/www.sudoestehoje.com.br\/novoportal\/wp-content\/uploads\/2023\/07\/BANNER-LINEUP-550x100-2.gif\" alt=\"\" width=\"550\" height=\"100\" \/><\/p>\n<p><img loading=\"lazy\" decoding=\"async\" class=\"alignnone wp-image-111778\" src=\"https:\/\/www.sudoestehoje.com.br\/novoportal\/wp-content\/uploads\/2023\/08\/WhatsApp-Image-2023-08-04-at-10.45.19-1-600x450.jpeg\" alt=\"\" width=\"549\" height=\"412\" srcset=\"https:\/\/www.sudoestehoje.com.br\/novoportal\/wp-content\/uploads\/2023\/08\/WhatsApp-Image-2023-08-04-at-10.45.19-1-600x450.jpeg 600w, https:\/\/www.sudoestehoje.com.br\/novoportal\/wp-content\/uploads\/2023\/08\/WhatsApp-Image-2023-08-04-at-10.45.19-1-700x525.jpeg 700w, https:\/\/www.sudoestehoje.com.br\/novoportal\/wp-content\/uploads\/2023\/08\/WhatsApp-Image-2023-08-04-at-10.45.19-1-768x576.jpeg 768w, https:\/\/www.sudoestehoje.com.br\/novoportal\/wp-content\/uploads\/2023\/08\/WhatsApp-Image-2023-08-04-at-10.45.19-1-1536x1152.jpeg 1536w, https:\/\/www.sudoestehoje.com.br\/novoportal\/wp-content\/uploads\/2023\/08\/WhatsApp-Image-2023-08-04-at-10.45.19-1.jpeg 1600w\" sizes=\"auto, (max-width: 549px) 100vw, 549px\" \/><\/p>\n<p><strong>Uma parceria entre a Cooperativa Mista do M\u00e9dio Rio Pardo &#8211; Coopardo e a VL Agropecu\u00e1ria e Veneza vem colhendo bons resultados em Itapetinga e regi\u00e3o, atrav\u00e9s do lan\u00e7amento e utiliza\u00e7\u00e3o de novos produtos destinados \u00e0 pecu\u00e1ria.<\/strong><\/p>\n<p><strong>Durante a semana, membros da diretoria e t\u00e9cnicos da Coopardo, juntamente com os parceiros da VL Agropecu\u00e1ria e Veneza, apresentaram seus produtos de nutri\u00e7\u00e3o animal (proteico 25 e ra\u00e7\u00f5es), com destaque para o novo sal mineral Secco, que n\u00e3o molha, colhendo excelentes resultados sobre a forte gen\u00e9tica da VL. <\/strong><\/p>\n<p><strong>Na oportunidade, o Diretor-Presidente Alex Coelho parabenizou os propriet\u00e1rios Valtinho, Lea, e Felipe Lima, destacando os bons frutos colhidos nessa parceria entre a cooperativa e o produtor, que deve ser estendida tamb\u00e9m para outros criadores.<\/strong><\/p>\n<p><strong>\u00c9 a Coopardo mostrando sua for\u00e7a no desenvolvimento do agroneg\u00f3cio.<\/strong><\/p>\n<p><strong>Reda\u00e7\u00e3o SH<\/strong><\/p>\n\n\t\t<style type=\"text\/css\">\n\t\t\t#gallery-1 {\n\t\t\t\tmargin: auto;\n\t\t\t}\n\t\t\t#gallery-1 .gallery-item {\n\t\t\t\tfloat: left;\n\t\t\t\tmargin-top: 10px;\n\t\t\t\ttext-align: center;\n\t\t\t\twidth: 33%;\n\t\t\t}\n\t\t\t#gallery-1 img {\n\t\t\t\tborder: 2px solid #cfcfcf;\n\t\t\t}\n\t\t\t#gallery-1 .gallery-caption {\n\t\t\t\tmargin-left: 0;\n\t\t\t}\n\t\t\t\/* see gallery_shortcode() in wp-includes\/media.php *\/\n\t\t<\/style>\n\t\t<div id='gallery-1' class='gallery galleryid-111776 gallery-columns-3 gallery-size-thumbnail'><dl class='gallery-item'>\n\t\t\t<dt class='gallery-icon landscape'>\n\t\t\t\t<a href='https:\/\/www.sudoestehoje.com.br\/novoportal\/2023\/08\/04\/parceria-entre-coopardo-e-vl-agropecuaria-fortalece-o-agronegocio-na-regiao\/whatsapp-image-2023-08-04-at-12-37-11\/'><img loading=\"lazy\" decoding=\"async\" width=\"150\" height=\"150\" src=\"https:\/\/www.sudoestehoje.com.br\/novoportal\/wp-content\/uploads\/2023\/08\/WhatsApp-Image-2023-08-04-at-12.37.11-150x150.jpeg\" class=\"attachment-thumbnail size-thumbnail\" alt=\"\" \/><\/a>\n\t\t\t<\/dt><\/dl><dl class='gallery-item'>\n\t\t\t<dt class='gallery-icon portrait'>\n\t\t\t\t<a href='https:\/\/www.sudoestehoje.com.br\/novoportal\/2023\/08\/04\/parceria-entre-coopardo-e-vl-agropecuaria-fortalece-o-agronegocio-na-regiao\/whatsapp-image-2023-08-04-at-12-21-17\/'><img loading=\"lazy\" decoding=\"async\" width=\"150\" height=\"150\" src=\"https:\/\/www.sudoestehoje.com.br\/novoportal\/wp-content\/uploads\/2023\/08\/WhatsApp-Image-2023-08-04-at-12.21.17-150x150.jpeg\" class=\"attachment-thumbnail size-thumbnail\" alt=\"\" \/><\/a>\n\t\t\t<\/dt><\/dl><dl class='gallery-item'>\n\t\t\t<dt class='gallery-icon landscape'>\n\t\t\t\t<a href='https:\/\/www.sudoestehoje.com.br\/novoportal\/2023\/08\/04\/parceria-entre-coopardo-e-vl-agropecuaria-fortalece-o-agronegocio-na-regiao\/whatsapp-image-2023-08-04-at-12-21-15\/'><img loading=\"lazy\" decoding=\"async\" width=\"150\" height=\"150\" src=\"https:\/\/www.sudoestehoje.com.br\/novoportal\/wp-content\/uploads\/2023\/08\/WhatsApp-Image-2023-08-04-at-12.21.15-150x150.jpeg\" class=\"attachment-thumbnail size-thumbnail\" alt=\"\" \/><\/a>\n\t\t\t<\/dt><\/dl><br style=\"clear: both\" \/><dl class='gallery-item'>\n\t\t\t<dt class='gallery-icon landscape'>\n\t\t\t\t<a href='https:\/\/www.sudoestehoje.com.br\/novoportal\/2023\/08\/04\/parceria-entre-coopardo-e-vl-agropecuaria-fortalece-o-agronegocio-na-regiao\/whatsapp-image-2023-08-04-at-12-15-59\/'><img loading=\"lazy\" decoding=\"async\" width=\"150\" height=\"150\" src=\"https:\/\/www.sudoestehoje.com.br\/novoportal\/wp-content\/uploads\/2023\/08\/WhatsApp-Image-2023-08-04-at-12.15.59-150x150.jpeg\" class=\"attachment-thumbnail size-thumbnail\" alt=\"\" \/><\/a>\n\t\t\t<\/dt><\/dl><dl class='gallery-item'>\n\t\t\t<dt class='gallery-icon landscape'>\n\t\t\t\t<a href='https:\/\/www.sudoestehoje.com.br\/novoportal\/2023\/08\/04\/parceria-entre-coopardo-e-vl-agropecuaria-fortalece-o-agronegocio-na-regiao\/whatsapp-image-2023-08-04-at-11-34-13-3\/'><img loading=\"lazy\" decoding=\"async\" width=\"150\" height=\"150\" src=\"https:\/\/www.sudoestehoje.com.br\/novoportal\/wp-content\/uploads\/2023\/08\/WhatsApp-Image-2023-08-04-at-11.34.13-2-150x150.jpeg\" class=\"attachment-thumbnail size-thumbnail\" alt=\"\" \/><\/a>\n\t\t\t<\/dt><\/dl><dl class='gallery-item'>\n\t\t\t<dt class='gallery-icon landscape'>\n\t\t\t\t<a href='https:\/\/www.sudoestehoje.com.br\/novoportal\/2023\/08\/04\/parceria-entre-coopardo-e-vl-agropecuaria-fortalece-o-agronegocio-na-regiao\/whatsapp-image-2023-08-04-at-10-45-22\/'><img loading=\"lazy\" decoding=\"async\" width=\"150\" height=\"150\" src=\"https:\/\/www.sudoestehoje.com.br\/novoportal\/wp-content\/uploads\/2023\/08\/WhatsApp-Image-2023-08-04-at-10.45.22-150x150.jpeg\" class=\"attachment-thumbnail size-thumbnail\" alt=\"\" \/><\/a>\n\t\t\t<\/dt><\/dl><br style=\"clear: both\" \/><dl class='gallery-item'>\n\t\t\t<dt class='gallery-icon landscape'>\n\t\t\t\t<a href='https:\/\/www.sudoestehoje.com.br\/novoportal\/2023\/08\/04\/parceria-entre-coopardo-e-vl-agropecuaria-fortalece-o-agronegocio-na-regiao\/whatsapp-image-2023-08-04-at-10-45-22-1\/'><img loading=\"lazy\" decoding=\"async\" width=\"150\" height=\"150\" src=\"https:\/\/www.sudoestehoje.com.br\/novoportal\/wp-content\/uploads\/2023\/08\/WhatsApp-Image-2023-08-04-at-10.45.22-1-150x150.jpeg\" class=\"attachment-thumbnail size-thumbnail\" alt=\"\" \/><\/a>\n\t\t\t<\/dt><\/dl><dl class='gallery-item'>\n\t\t\t<dt class='gallery-icon portrait'>\n\t\t\t\t<a href='https:\/\/www.sudoestehoje.com.br\/novoportal\/2023\/08\/04\/parceria-entre-coopardo-e-vl-agropecuaria-fortalece-o-agronegocio-na-regiao\/whatsapp-image-2023-08-04-at-10-45-20\/'><img loading=\"lazy\" decoding=\"async\" width=\"150\" height=\"150\" src=\"https:\/\/www.sudoestehoje.com.br\/novoportal\/wp-content\/uploads\/2023\/08\/WhatsApp-Image-2023-08-04-at-10.45.20-150x150.jpeg\" class=\"attachment-thumbnail size-thumbnail\" alt=\"\" \/><\/a>\n\t\t\t<\/dt><\/dl><dl class='gallery-item'>\n\t\t\t<dt class='gallery-icon landscape'>\n\t\t\t\t<a href='https:\/\/www.sudoestehoje.com.br\/novoportal\/2023\/08\/04\/parceria-entre-coopardo-e-vl-agropecuaria-fortalece-o-agronegocio-na-regiao\/whatsapp-image-2023-08-04-at-10-45-19\/'><img loading=\"lazy\" decoding=\"async\" width=\"150\" height=\"150\" src=\"https:\/\/www.sudoestehoje.com.br\/novoportal\/wp-content\/uploads\/2023\/08\/WhatsApp-Image-2023-08-04-at-10.45.19-150x150.jpeg\" class=\"attachment-thumbnail size-thumbnail\" alt=\"\" \/><\/a>\n\t\t\t<\/dt><\/dl><br style=\"clear: both\" \/>\n\t\t<\/div>\n\n","protected":false},"excerpt":{"rendered":"<p>Uma parceria entre a Cooperativa Mista do M\u00e9dio Rio Pardo &#8211; Coopardo e a VL Agropecu\u00e1ria e Veneza vem colhendo bons resultados em Itapetinga e regi\u00e3o, atrav\u00e9s do lan\u00e7amento e utiliza\u00e7\u00e3o de novos produtos destinados \u00e0 pecu\u00e1ria. Durante a semana, membros da diretoria e t\u00e9cnicos da Coopardo, juntamente com os parceiros da VL Agropecu\u00e1ria e [&hellip;]<\/p>\n","protected":false},"author":2,"featured_media":111778,"comment_status":"closed","ping_status":"open","sticky":false,"template":"","format":"standard","meta":{"footnotes":"","_links_to":"","_links_to_target":""},"categories":[1],"tags":[],"class_list":["post-111776","post","type-post","status-publish","format-standard","has-post-thumbnail","hentry","category-geral"],"views":740,"_links":{"self":[{"href":"https:\/\/www.sudoestehoje.com.br\/novoportal\/wp-json\/wp\/v2\/posts\/111776","targetHints":{"allow":["GET"]}}],"collection":[{"href":"https:\/\/www.sudoestehoje.com.br\/novoportal\/wp-json\/wp\/v2\/posts"}],"about":[{"href":"https:\/\/www.sudoestehoje.com.br\/novoportal\/wp-json\/wp\/v2\/types\/post"}],"author":[{"embeddable":true,"href":"https:\/\/www.sudoestehoje.com.br\/novoportal\/wp-json\/wp\/v2\/users\/2"}],"replies":[{"embeddable":true,"href":"https:\/\/www.sudoestehoje.com.br\/novoportal\/wp-json\/wp\/v2\/comments?post=111776"}],"version-history":[{"count":5,"href":"https:\/\/www.sudoestehoje.com.br\/novoportal\/wp-json\/wp\/v2\/posts\/111776\/revisions"}],"predecessor-version":[{"id":111799,"href":"https:\/\/www.sudoestehoje.com.br\/novoportal\/wp-json\/wp\/v2\/posts\/111776\/revisions\/111799"}],"wp:featuredmedia":[{"embeddable":true,"href":"https:\/\/www.sudoestehoje.com.br\/novoportal\/wp-json\/wp\/v2\/media\/111778"}],"wp:attachment":[{"href":"https:\/\/www.sudoestehoje.com.br\/novoportal\/wp-json\/wp\/v2\/media?parent=111776"}],"wp:term":[{"taxonomy":"category","embeddable":true,"href":"https:\/\/www.sudoestehoje.com.br\/novoportal\/wp-json\/wp\/v2\/categories?post=111776"},{"taxonomy":"post_tag","embeddable":true,"href":"https:\/\/www.sudoestehoje.com.br\/novoportal\/wp-json\/wp\/v2\/tags?post=111776"}],"curies":[{"name":"wp","href":"https:\/\/api.w.org\/{rel}","templated":true}]}}