
{"id":111762,"date":"2023-08-03T20:16:08","date_gmt":"2023-08-03T23:16:08","guid":{"rendered":"https:\/\/www.sudoestehoje.com.br\/novoportal\/?p=111762"},"modified":"2023-08-03T20:16:08","modified_gmt":"2023-08-03T23:16:08","slug":"regiao-homem-e-morto-na-porta-do-forum","status":"publish","type":"post","link":"https:\/\/www.sudoestehoje.com.br\/novoportal\/2023\/08\/03\/regiao-homem-e-morto-na-porta-do-forum\/","title":{"rendered":"REGI\u00c3O | HOMEM \u00c9 MORTO NA PORTA DO FORUM"},"content":{"rendered":"<p><img loading=\"lazy\" decoding=\"async\" class=\"alignnone size-full wp-image-111341\" src=\"https:\/\/www.sudoestehoje.com.br\/novoportal\/wp-content\/uploads\/2023\/07\/BANNER-LINEUP-550x100-2.gif\" alt=\"\" width=\"550\" height=\"100\" \/><\/p>\n<p><img loading=\"lazy\" decoding=\"async\" class=\"alignnone  wp-image-111764\" src=\"https:\/\/www.sudoestehoje.com.br\/novoportal\/wp-content\/uploads\/2023\/08\/9631116E-4F1E-4183-A036-F084FCF70A8B-640x412-1-600x386.jpeg\" alt=\"\" width=\"550\" height=\"354\" srcset=\"https:\/\/www.sudoestehoje.com.br\/novoportal\/wp-content\/uploads\/2023\/08\/9631116E-4F1E-4183-A036-F084FCF70A8B-640x412-1-600x386.jpeg 600w, https:\/\/www.sudoestehoje.com.br\/novoportal\/wp-content\/uploads\/2023\/08\/9631116E-4F1E-4183-A036-F084FCF70A8B-640x412-1.jpeg 640w\" sizes=\"auto, (max-width: 550px) 100vw, 550px\" \/><\/p>\n<p><strong>Um homem foi morto na porta do F\u00f3rum, em Caetit\u00e9, nesta quinta-feira (03).\u00a0A v\u00edtima, identificada como C\u00edcero Batista, havia ido ao local por determina\u00e7\u00e3o da justi\u00e7a. O crime ocorreu quando ele deixava o F\u00f3rum.<\/strong><\/p>\n<p><strong>Cicero tinha passagens pela pol\u00edcia e n\u00e3o morava em Caetit\u00e9. O Samu 192 chegou a ser acionado, mas ele morreu no local. O corpo ser\u00e1 encaminhado para o IML de Guanambi.<\/strong><\/p>\n<p><strong>Testemunhas disseram que os autores chegaram em um carro preto e estavam encapuzados. As motiva\u00e7\u00f5es do crime ainda est\u00e3o sendo investigadas.<\/strong><\/p>\n","protected":false},"excerpt":{"rendered":"<p>Um homem foi morto na porta do F\u00f3rum, em Caetit\u00e9, nesta quinta-feira (03).\u00a0A v\u00edtima, identificada como C\u00edcero Batista, havia ido ao local por determina\u00e7\u00e3o da justi\u00e7a. O crime ocorreu quando ele deixava o F\u00f3rum. Cicero tinha passagens pela pol\u00edcia e n\u00e3o morava em Caetit\u00e9. O Samu 192 chegou a ser acionado, mas ele morreu no [&hellip;]<\/p>\n","protected":false},"author":2,"featured_media":111764,"comment_status":"closed","ping_status":"open","sticky":false,"template":"","format":"standard","meta":{"footnotes":"","_links_to":"","_links_to_target":""},"categories":[1],"tags":[],"class_list":["post-111762","post","type-post","status-publish","format-standard","has-post-thumbnail","hentry","category-geral"],"views":1171,"_links":{"self":[{"href":"https:\/\/www.sudoestehoje.com.br\/novoportal\/wp-json\/wp\/v2\/posts\/111762","targetHints":{"allow":["GET"]}}],"collection":[{"href":"https:\/\/www.sudoestehoje.com.br\/novoportal\/wp-json\/wp\/v2\/posts"}],"about":[{"href":"https:\/\/www.sudoestehoje.com.br\/novoportal\/wp-json\/wp\/v2\/types\/post"}],"author":[{"embeddable":true,"href":"https:\/\/www.sudoestehoje.com.br\/novoportal\/wp-json\/wp\/v2\/users\/2"}],"replies":[{"embeddable":true,"href":"https:\/\/www.sudoestehoje.com.br\/novoportal\/wp-json\/wp\/v2\/comments?post=111762"}],"version-history":[{"count":2,"href":"https:\/\/www.sudoestehoje.com.br\/novoportal\/wp-json\/wp\/v2\/posts\/111762\/revisions"}],"predecessor-version":[{"id":111765,"href":"https:\/\/www.sudoestehoje.com.br\/novoportal\/wp-json\/wp\/v2\/posts\/111762\/revisions\/111765"}],"wp:featuredmedia":[{"embeddable":true,"href":"https:\/\/www.sudoestehoje.com.br\/novoportal\/wp-json\/wp\/v2\/media\/111764"}],"wp:attachment":[{"href":"https:\/\/www.sudoestehoje.com.br\/novoportal\/wp-json\/wp\/v2\/media?parent=111762"}],"wp:term":[{"taxonomy":"category","embeddable":true,"href":"https:\/\/www.sudoestehoje.com.br\/novoportal\/wp-json\/wp\/v2\/categories?post=111762"},{"taxonomy":"post_tag","embeddable":true,"href":"https:\/\/www.sudoestehoje.com.br\/novoportal\/wp-json\/wp\/v2\/tags?post=111762"}],"curies":[{"name":"wp","href":"https:\/\/api.w.org\/{rel}","templated":true}]}}