
{"id":111755,"date":"2023-08-03T19:59:59","date_gmt":"2023-08-03T22:59:59","guid":{"rendered":"https:\/\/www.sudoestehoje.com.br\/novoportal\/?p=111755"},"modified":"2023-08-03T21:03:04","modified_gmt":"2023-08-04T00:03:04","slug":"idoso-tem-as-duas-pernas-esmagadas-por-onibus-a-novo-horizonte-no-sul-da-bahia","status":"publish","type":"post","link":"https:\/\/www.sudoestehoje.com.br\/novoportal\/2023\/08\/03\/idoso-tem-as-duas-pernas-esmagadas-por-onibus-a-novo-horizonte-no-sul-da-bahia\/","title":{"rendered":"V\u00cdDEO | IDOSO TEM PERNA ESMAGADA POR \u00d4NIBUS DA NOVO HORIZONTE NO SUL DA BAHIA"},"content":{"rendered":"<p><img loading=\"lazy\" decoding=\"async\" class=\"alignnone wp-image-111749\" src=\"https:\/\/www.sudoestehoje.com.br\/novoportal\/wp-content\/uploads\/2023\/08\/Portal-Sudoeste-1-1-600x65.jpg\" alt=\"\" width=\"554\" height=\"60\" srcset=\"https:\/\/www.sudoestehoje.com.br\/novoportal\/wp-content\/uploads\/2023\/08\/Portal-Sudoeste-1-1-600x65.jpg 600w, https:\/\/www.sudoestehoje.com.br\/novoportal\/wp-content\/uploads\/2023\/08\/Portal-Sudoeste-1-1-700x76.jpg 700w, https:\/\/www.sudoestehoje.com.br\/novoportal\/wp-content\/uploads\/2023\/08\/Portal-Sudoeste-1-1-768x84.jpg 768w, https:\/\/www.sudoestehoje.com.br\/novoportal\/wp-content\/uploads\/2023\/08\/Portal-Sudoeste-1-1.jpg 1100w\" sizes=\"auto, (max-width: 554px) 100vw, 554px\" \/><\/p>\n<p><img loading=\"lazy\" decoding=\"async\" class=\"alignnone wp-image-111757\" src=\"https:\/\/www.sudoestehoje.com.br\/novoportal\/wp-content\/uploads\/2023\/08\/IMG_8164-600x338.jpeg\" alt=\"\" width=\"554\" height=\"312\" srcset=\"https:\/\/www.sudoestehoje.com.br\/novoportal\/wp-content\/uploads\/2023\/08\/IMG_8164-600x338.jpeg 600w, https:\/\/www.sudoestehoje.com.br\/novoportal\/wp-content\/uploads\/2023\/08\/IMG_8164.jpeg 640w\" sizes=\"auto, (max-width: 554px) 100vw, 554px\" \/><\/p>\n<p><strong>Um idoso ficou gravemente ferido ap\u00f3s ser atingido por um \u00f4nibus da Novo Horizonte, nesta quinta-feira (3), em Itagimirim. A v\u00edtima teve as duas pernas esmagadas no atropelamento. Ele foi socorrido pelo Samu 192 e encaminhado para o Hospital Regional de Eun\u00e1polis, onde via passar por uma cirurgia para reconstruir os membros.<\/strong><\/p>\n<p><strong>Identificado Florisvaldo, ele era de S\u00e3o Paulo e passava f\u00e9rias na Bahia. Ele estaria indo comprar a passagem de volta quando o acidente aconteceu. VEJA V\u00cdDEO:<\/strong><\/p>\n<p><iframe loading=\"lazy\" title=\"Itagimirim: c\u00e2mera flagra acidente com idoso\" width=\"500\" height=\"281\" src=\"https:\/\/www.youtube.com\/embed\/QgOZTSu7Ufc?start=41&#038;feature=oembed\" frameborder=\"0\" allow=\"accelerometer; autoplay; clipboard-write; encrypted-media; gyroscope; picture-in-picture; web-share\" referrerpolicy=\"strict-origin-when-cross-origin\" allowfullscreen><\/iframe><\/p>\n<p><strong>PERNA FOI AMPUTADA<\/strong><\/p>\n<p><strong>O idoso passou por cirurgia na tarde desta quinta-feira (03) no Hospital Regional de Eun\u00e1polis, e os m\u00e9dicos precisaram amputar uma das suas pernas.<\/strong><\/p>\n<p><strong>Moradores afirmaram que os \u00f4nibus trafegam em alta velocidade pelo local.<\/strong><\/p>\n","protected":false},"excerpt":{"rendered":"<p>Um idoso ficou gravemente ferido ap\u00f3s ser atingido por um \u00f4nibus da Novo Horizonte, nesta quinta-feira (3), em Itagimirim. A v\u00edtima teve as duas pernas esmagadas no atropelamento. Ele foi socorrido pelo Samu 192 e encaminhado para o Hospital Regional de Eun\u00e1polis, onde via passar por uma cirurgia para reconstruir os membros. Identificado Florisvaldo, ele [&hellip;]<\/p>\n","protected":false},"author":2,"featured_media":111757,"comment_status":"closed","ping_status":"open","sticky":false,"template":"","format":"standard","meta":{"footnotes":"","_links_to":"","_links_to_target":""},"categories":[1],"tags":[],"class_list":["post-111755","post","type-post","status-publish","format-standard","has-post-thumbnail","hentry","category-geral"],"views":1787,"_links":{"self":[{"href":"https:\/\/www.sudoestehoje.com.br\/novoportal\/wp-json\/wp\/v2\/posts\/111755","targetHints":{"allow":["GET"]}}],"collection":[{"href":"https:\/\/www.sudoestehoje.com.br\/novoportal\/wp-json\/wp\/v2\/posts"}],"about":[{"href":"https:\/\/www.sudoestehoje.com.br\/novoportal\/wp-json\/wp\/v2\/types\/post"}],"author":[{"embeddable":true,"href":"https:\/\/www.sudoestehoje.com.br\/novoportal\/wp-json\/wp\/v2\/users\/2"}],"replies":[{"embeddable":true,"href":"https:\/\/www.sudoestehoje.com.br\/novoportal\/wp-json\/wp\/v2\/comments?post=111755"}],"version-history":[{"count":10,"href":"https:\/\/www.sudoestehoje.com.br\/novoportal\/wp-json\/wp\/v2\/posts\/111755\/revisions"}],"predecessor-version":[{"id":111770,"href":"https:\/\/www.sudoestehoje.com.br\/novoportal\/wp-json\/wp\/v2\/posts\/111755\/revisions\/111770"}],"wp:featuredmedia":[{"embeddable":true,"href":"https:\/\/www.sudoestehoje.com.br\/novoportal\/wp-json\/wp\/v2\/media\/111757"}],"wp:attachment":[{"href":"https:\/\/www.sudoestehoje.com.br\/novoportal\/wp-json\/wp\/v2\/media?parent=111755"}],"wp:term":[{"taxonomy":"category","embeddable":true,"href":"https:\/\/www.sudoestehoje.com.br\/novoportal\/wp-json\/wp\/v2\/categories?post=111755"},{"taxonomy":"post_tag","embeddable":true,"href":"https:\/\/www.sudoestehoje.com.br\/novoportal\/wp-json\/wp\/v2\/tags?post=111755"}],"curies":[{"name":"wp","href":"https:\/\/api.w.org\/{rel}","templated":true}]}}