
{"id":111751,"date":"2023-08-03T09:50:25","date_gmt":"2023-08-03T12:50:25","guid":{"rendered":"https:\/\/www.sudoestehoje.com.br\/novoportal\/?p=111751"},"modified":"2023-08-03T09:50:25","modified_gmt":"2023-08-03T12:50:25","slug":"tempo-aberto-na-capital-da-pecuaria","status":"publish","type":"post","link":"https:\/\/www.sudoestehoje.com.br\/novoportal\/2023\/08\/03\/tempo-aberto-na-capital-da-pecuaria\/","title":{"rendered":"TEMPO ABERTO NA CAPITAL DA PECU\u00c1RIA"},"content":{"rendered":"<p><img loading=\"lazy\" decoding=\"async\" class=\"alignnone size-full wp-image-111341\" src=\"https:\/\/www.sudoestehoje.com.br\/novoportal\/wp-content\/uploads\/2023\/07\/BANNER-LINEUP-550x100-2.gif\" alt=\"\" width=\"550\" height=\"100\" \/><\/p>\n<p><img loading=\"lazy\" decoding=\"async\" class=\"alignnone  wp-image-111752\" src=\"https:\/\/www.sudoestehoje.com.br\/novoportal\/wp-content\/uploads\/2023\/08\/praca-DV-600x327.jpg\" alt=\"\" width=\"550\" height=\"300\" srcset=\"https:\/\/www.sudoestehoje.com.br\/novoportal\/wp-content\/uploads\/2023\/08\/praca-DV-600x327.jpg 600w, https:\/\/www.sudoestehoje.com.br\/novoportal\/wp-content\/uploads\/2023\/08\/praca-DV-700x382.jpg 700w, https:\/\/www.sudoestehoje.com.br\/novoportal\/wp-content\/uploads\/2023\/08\/praca-DV-768x419.jpg 768w, https:\/\/www.sudoestehoje.com.br\/novoportal\/wp-content\/uploads\/2023\/08\/praca-DV.jpg 1252w\" sizes=\"auto, (max-width: 550px) 100vw, 550px\" \/><\/p>\n<p><strong>O tempo amanheceu aberto, nesta quinta-feira (3), em Itapetinga e todo o territ\u00f3rio do M\u00e9dio Sudoeste Baiano, com cara de ver\u00e3o, apesar de estarmos em pleno inverno.<\/strong><\/p>\n<p><strong>De acordo com o Climatempo, n\u00e3o h\u00e1 previs\u00e3o de chuva at\u00e9 a pr\u00f3xima quarta-feira (9), mas deve chover na sexta (10).<\/strong><\/p>\n<p><strong>A temperatura est\u00e1 girando em torno dos 22\u00b0C, apesar do dia ensolarado, trazendo aquele friozinho gostoso.<\/strong><\/p>\n<p><strong>Reda\u00e7\u00e3o SH<\/strong><\/p>\n","protected":false},"excerpt":{"rendered":"<p>O tempo amanheceu aberto, nesta quinta-feira (3), em Itapetinga e todo o territ\u00f3rio do M\u00e9dio Sudoeste Baiano, com cara de ver\u00e3o, apesar de estarmos em pleno inverno. De acordo com o Climatempo, n\u00e3o h\u00e1 previs\u00e3o de chuva at\u00e9 a pr\u00f3xima quarta-feira (9), mas deve chover na sexta (10). A temperatura est\u00e1 girando em torno dos [&hellip;]<\/p>\n","protected":false},"author":2,"featured_media":111752,"comment_status":"closed","ping_status":"open","sticky":false,"template":"","format":"standard","meta":{"footnotes":"","_links_to":"","_links_to_target":""},"categories":[1],"tags":[],"class_list":["post-111751","post","type-post","status-publish","format-standard","has-post-thumbnail","hentry","category-geral"],"views":879,"_links":{"self":[{"href":"https:\/\/www.sudoestehoje.com.br\/novoportal\/wp-json\/wp\/v2\/posts\/111751","targetHints":{"allow":["GET"]}}],"collection":[{"href":"https:\/\/www.sudoestehoje.com.br\/novoportal\/wp-json\/wp\/v2\/posts"}],"about":[{"href":"https:\/\/www.sudoestehoje.com.br\/novoportal\/wp-json\/wp\/v2\/types\/post"}],"author":[{"embeddable":true,"href":"https:\/\/www.sudoestehoje.com.br\/novoportal\/wp-json\/wp\/v2\/users\/2"}],"replies":[{"embeddable":true,"href":"https:\/\/www.sudoestehoje.com.br\/novoportal\/wp-json\/wp\/v2\/comments?post=111751"}],"version-history":[{"count":2,"href":"https:\/\/www.sudoestehoje.com.br\/novoportal\/wp-json\/wp\/v2\/posts\/111751\/revisions"}],"predecessor-version":[{"id":111754,"href":"https:\/\/www.sudoestehoje.com.br\/novoportal\/wp-json\/wp\/v2\/posts\/111751\/revisions\/111754"}],"wp:featuredmedia":[{"embeddable":true,"href":"https:\/\/www.sudoestehoje.com.br\/novoportal\/wp-json\/wp\/v2\/media\/111752"}],"wp:attachment":[{"href":"https:\/\/www.sudoestehoje.com.br\/novoportal\/wp-json\/wp\/v2\/media?parent=111751"}],"wp:term":[{"taxonomy":"category","embeddable":true,"href":"https:\/\/www.sudoestehoje.com.br\/novoportal\/wp-json\/wp\/v2\/categories?post=111751"},{"taxonomy":"post_tag","embeddable":true,"href":"https:\/\/www.sudoestehoje.com.br\/novoportal\/wp-json\/wp\/v2\/tags?post=111751"}],"curies":[{"name":"wp","href":"https:\/\/api.w.org\/{rel}","templated":true}]}}