
{"id":111738,"date":"2023-08-02T22:10:10","date_gmt":"2023-08-03T01:10:10","guid":{"rendered":"https:\/\/www.sudoestehoje.com.br\/novoportal\/?p=111738"},"modified":"2023-08-02T22:08:42","modified_gmt":"2023-08-03T01:08:42","slug":"itapetinga-davi-ferraz-propoe-realizacao-de-festival-gastronomico-regional","status":"publish","type":"post","link":"https:\/\/www.sudoestehoje.com.br\/novoportal\/2023\/08\/02\/itapetinga-davi-ferraz-propoe-realizacao-de-festival-gastronomico-regional\/","title":{"rendered":"ITAPETINGA | DAVI FERRAZ PROP\u00d5E REALIZA\u00c7\u00c3O DE FESTIVAL GASTRON\u00d4MICO REGIONAL"},"content":{"rendered":"<p><img loading=\"lazy\" decoding=\"async\" class=\"alignnone size-full wp-image-111341\" src=\"https:\/\/www.sudoestehoje.com.br\/novoportal\/wp-content\/uploads\/2023\/07\/BANNER-LINEUP-550x100-2.gif\" alt=\"\" width=\"550\" height=\"100\" \/><\/p>\n<p><img loading=\"lazy\" decoding=\"async\" class=\"alignnone wp-image-111739\" src=\"https:\/\/www.sudoestehoje.com.br\/novoportal\/wp-content\/uploads\/2023\/08\/gastronomia-600x400.jpeg\" alt=\"\" width=\"551\" height=\"367\" srcset=\"https:\/\/www.sudoestehoje.com.br\/novoportal\/wp-content\/uploads\/2023\/08\/gastronomia-600x400.jpeg 600w, https:\/\/www.sudoestehoje.com.br\/novoportal\/wp-content\/uploads\/2023\/08\/gastronomia-700x467.jpeg 700w, https:\/\/www.sudoestehoje.com.br\/novoportal\/wp-content\/uploads\/2023\/08\/gastronomia-768x512.jpeg 768w, https:\/\/www.sudoestehoje.com.br\/novoportal\/wp-content\/uploads\/2023\/08\/gastronomia.jpeg 1000w\" sizes=\"auto, (max-width: 551px) 100vw, 551px\" \/><\/p>\n<p><strong>Nesta quarta-feira (2), o pr\u00e9-candidato a prefeito Davi Ferraz encaminhou mensagem ao Secret\u00e1rio Municipal de Educa\u00e7\u00e3o e Cultura, F\u00e1bio Viana, propondo a realiza\u00e7\u00e3o anual de um grande Festival de Gastronomia Regional, envolvendo participantes de Itapetinga e cidades do Sudoeste Baiano.\u00a0<\/strong><\/p>\n<p><strong><em>&#8220;A gastronomia \u00e9 uma express\u00e3o cultural que encanta os sentidos e une as pessoas ao redor do mundo. Na Bahia, essa arte culin\u00e1ria ganha destaque em diversos festivais que celebram os sabores e tradi\u00e7\u00f5es regionais&#8221;<\/em>, destacou Davi.<\/strong><\/p>\n<p><strong>De julho a outubro, cinco festivais gastron\u00f4micos prometem agitar o estado baiano: Festival Del\u00edcias de Jacobina, Festival Sabores de Eun\u00e1polis, Festival Gastron\u00f4mico de Senhor do Bonfim, Festival Temperos de Cabr\u00e1lia e Festival Gastron\u00f4mico e Cultural do Prado. A proposta \u00e9 incluir Itapetinga neste circuito que vem ganhando corpo em toda a Bahia.<\/strong><\/p>\n<p><strong><em>&#8220;Os eventos s\u00e3o oportunidades para os visitantes conhecerem e apreciarem pratos deliciosos, al\u00e9m de desfrutarem de uma programa\u00e7\u00e3o cultural diversificada, revelando talentos e gerando oportunidades. A nossa proposta \u00e9 entrar nessa jornada gastron\u00f4mica, celebrando a culin\u00e1ria regional, a cultura e as tradi\u00e7\u00f5es da nossa regi\u00e3o e ser\u00e1 inclu\u00edda no nosso programa de governo&#8221;<\/em>, concluiu Davi Ferraz.<\/strong><\/p>\n<p><strong><em>Reda\u00e7\u00e3o SH<\/em><\/strong><\/p>\n","protected":false},"excerpt":{"rendered":"<p>Nesta quarta-feira (2), o pr\u00e9-candidato a prefeito Davi Ferraz encaminhou mensagem ao Secret\u00e1rio Municipal de Educa\u00e7\u00e3o e Cultura, F\u00e1bio Viana, propondo a realiza\u00e7\u00e3o anual de um grande Festival de Gastronomia Regional, envolvendo participantes de Itapetinga e cidades do Sudoeste Baiano.\u00a0 &#8220;A gastronomia \u00e9 uma express\u00e3o cultural que encanta os sentidos e une as pessoas ao [&hellip;]<\/p>\n","protected":false},"author":2,"featured_media":111739,"comment_status":"closed","ping_status":"open","sticky":false,"template":"","format":"standard","meta":{"footnotes":"","_links_to":"","_links_to_target":""},"categories":[1],"tags":[],"class_list":["post-111738","post","type-post","status-publish","format-standard","has-post-thumbnail","hentry","category-geral"],"views":755,"_links":{"self":[{"href":"https:\/\/www.sudoestehoje.com.br\/novoportal\/wp-json\/wp\/v2\/posts\/111738","targetHints":{"allow":["GET"]}}],"collection":[{"href":"https:\/\/www.sudoestehoje.com.br\/novoportal\/wp-json\/wp\/v2\/posts"}],"about":[{"href":"https:\/\/www.sudoestehoje.com.br\/novoportal\/wp-json\/wp\/v2\/types\/post"}],"author":[{"embeddable":true,"href":"https:\/\/www.sudoestehoje.com.br\/novoportal\/wp-json\/wp\/v2\/users\/2"}],"replies":[{"embeddable":true,"href":"https:\/\/www.sudoestehoje.com.br\/novoportal\/wp-json\/wp\/v2\/comments?post=111738"}],"version-history":[{"count":4,"href":"https:\/\/www.sudoestehoje.com.br\/novoportal\/wp-json\/wp\/v2\/posts\/111738\/revisions"}],"predecessor-version":[{"id":111744,"href":"https:\/\/www.sudoestehoje.com.br\/novoportal\/wp-json\/wp\/v2\/posts\/111738\/revisions\/111744"}],"wp:featuredmedia":[{"embeddable":true,"href":"https:\/\/www.sudoestehoje.com.br\/novoportal\/wp-json\/wp\/v2\/media\/111739"}],"wp:attachment":[{"href":"https:\/\/www.sudoestehoje.com.br\/novoportal\/wp-json\/wp\/v2\/media?parent=111738"}],"wp:term":[{"taxonomy":"category","embeddable":true,"href":"https:\/\/www.sudoestehoje.com.br\/novoportal\/wp-json\/wp\/v2\/categories?post=111738"},{"taxonomy":"post_tag","embeddable":true,"href":"https:\/\/www.sudoestehoje.com.br\/novoportal\/wp-json\/wp\/v2\/tags?post=111738"}],"curies":[{"name":"wp","href":"https:\/\/api.w.org\/{rel}","templated":true}]}}