
{"id":111725,"date":"2023-08-02T11:28:50","date_gmt":"2023-08-02T14:28:50","guid":{"rendered":"https:\/\/www.sudoestehoje.com.br\/novoportal\/?p=111725"},"modified":"2023-08-02T11:28:50","modified_gmt":"2023-08-02T14:28:50","slug":"projeto-de-pedro-tavares-contra-corte-de-energia-eletrica-para-quem-usa-aparelhos-indispensaveis-a-vida-e-aprovado-na-comissao-de-saude","status":"publish","type":"post","link":"https:\/\/www.sudoestehoje.com.br\/novoportal\/2023\/08\/02\/projeto-de-pedro-tavares-contra-corte-de-energia-eletrica-para-quem-usa-aparelhos-indispensaveis-a-vida-e-aprovado-na-comissao-de-saude\/","title":{"rendered":"PROJETO DE PEDRO TAVARES CONTRA CORTE DE ENERGIA EL\u00c9TRICA PARA QUEM USA APARELHOS INDISPENS\u00c1VEIS \u00c0 VIDA \u00c9 APROVADO NA COMISS\u00c3O DE SA\u00daDE"},"content":{"rendered":"<p><img loading=\"lazy\" decoding=\"async\" class=\"alignnone size-full wp-image-111341\" src=\"https:\/\/www.sudoestehoje.com.br\/novoportal\/wp-content\/uploads\/2023\/07\/BANNER-LINEUP-550x100-2.gif\" alt=\"\" width=\"550\" height=\"100\" \/><\/p>\n<p><img loading=\"lazy\" decoding=\"async\" class=\"alignnone  wp-image-111726\" src=\"https:\/\/www.sudoestehoje.com.br\/novoportal\/wp-content\/uploads\/2023\/08\/IMG-20200211-WA0028-1-600x343.jpg\" alt=\"\" width=\"549\" height=\"314\" srcset=\"https:\/\/www.sudoestehoje.com.br\/novoportal\/wp-content\/uploads\/2023\/08\/IMG-20200211-WA0028-1-600x343.jpg 600w, https:\/\/www.sudoestehoje.com.br\/novoportal\/wp-content\/uploads\/2023\/08\/IMG-20200211-WA0028-1-700x400.jpg 700w, https:\/\/www.sudoestehoje.com.br\/novoportal\/wp-content\/uploads\/2023\/08\/IMG-20200211-WA0028-1-768x439.jpg 768w, https:\/\/www.sudoestehoje.com.br\/novoportal\/wp-content\/uploads\/2023\/08\/IMG-20200211-WA0028-1.jpg 961w\" sizes=\"auto, (max-width: 549px) 100vw, 549px\" \/><\/p>\n<p><strong>A Comiss\u00e3o de Sa\u00fade e Saneamento da Assembleia Legislativa da Bahia (Alba) aprovou hoje (01\/08), o projeto de lei 19.462\/2011, de autoria do deputado estadual Pedro Tavares (Uni\u00e3o Brasil), que pro\u00edbe a suspens\u00e3o de fornecimento de energia el\u00e9trica para as pessoas que utilizam equipamentos indispens\u00e1veis \u00e0 preserva\u00e7\u00e3o da vida. Tavares ressaltou a necessidade de aprova\u00e7\u00e3o da proposta, diante da preocupa\u00e7\u00e3o com os cidad\u00e3os que dependem do servi\u00e7o essencial de energia el\u00e9trica para a sobreviv\u00eancia. Vale ressaltar que muitos pacientes s\u00e3o submetidos a tratamento domiciliar, conhecidos como home care, ligados a aparelhos el\u00e9tricos que fornecem oxig\u00eanio, e monitoram quest\u00f5es vitais \u00e0 sa\u00fade e a continuidade da vida. A concession\u00e1ria de energia que atua no estado ficar\u00e1 impedida de cortar a energia nessas resid\u00eancias. O projeto de lei ainda precisa passar pelo plen\u00e1rio da Casa. Na retomada dos trabalhos legislativos nesta ter\u00e7a-feira, os deputados discutiram alguns projetos de lei apresentados no Parlamento.<\/strong><\/p>\n<p><strong>\u201c\u00c9 preciso garantir esse direito a quem necessita de aparelhos para viver. Hoje foi dado um grande passo para que esse importante projeto seja aprovado e se torne lei em nosso estado. Queremos sensibilizar a todos sobre esse projeto, que traz uma quest\u00e3o essencial \u00e0 vida de muitos baianos. O projeto visa proibir a suspens\u00e3o do fornecimento de energia para os consumidores que precisam de equipamentos para a sua sa\u00fade e sobreviv\u00eancia, dentro de suas casas, ou seja, pacientes que t\u00eam doen\u00e7as cr\u00f4nicas e que necessitam de aparelhos, que n\u00e3o podem ser desligados em hip\u00f3tese alguma. Contamos com a compreens\u00e3o dos pares desta Casa para que seja tamb\u00e9m aprovado na Comiss\u00e3o de Sa\u00fade e em plen\u00e1rio\u201d, afirmou.<\/strong><\/p>\n<p><strong>No projeto, as concession\u00e1rias que atuam no estado n\u00e3o poder\u00e3o mais interromper o servi\u00e7o para os pacientes, portadores de patologia, cujo tratamento cl\u00ednico requeira a utiliza\u00e7\u00e3o cont\u00ednua de equipamentos movidos a energia el\u00e9trica.<\/strong><\/p>\n<p><strong>Tavares argumenta que o Poder Judici\u00e1rio tem concedido liminares favor\u00e1veis para alguns casos e que a lei facilitaria muito para as fam\u00edlias e at\u00e9 hospitais que passem por dificuldades financeiras moment\u00e2neas.<\/strong><\/p>\n","protected":false},"excerpt":{"rendered":"<p>A Comiss\u00e3o de Sa\u00fade e Saneamento da Assembleia Legislativa da Bahia (Alba) aprovou hoje (01\/08), o projeto de lei 19.462\/2011, de autoria do deputado estadual Pedro Tavares (Uni\u00e3o Brasil), que pro\u00edbe a suspens\u00e3o de fornecimento de energia el\u00e9trica para as pessoas que utilizam equipamentos indispens\u00e1veis \u00e0 preserva\u00e7\u00e3o da vida. Tavares ressaltou a necessidade de aprova\u00e7\u00e3o [&hellip;]<\/p>\n","protected":false},"author":2,"featured_media":111726,"comment_status":"closed","ping_status":"open","sticky":false,"template":"","format":"standard","meta":{"footnotes":"","_links_to":"","_links_to_target":""},"categories":[1],"tags":[],"class_list":["post-111725","post","type-post","status-publish","format-standard","has-post-thumbnail","hentry","category-geral"],"views":496,"_links":{"self":[{"href":"https:\/\/www.sudoestehoje.com.br\/novoportal\/wp-json\/wp\/v2\/posts\/111725","targetHints":{"allow":["GET"]}}],"collection":[{"href":"https:\/\/www.sudoestehoje.com.br\/novoportal\/wp-json\/wp\/v2\/posts"}],"about":[{"href":"https:\/\/www.sudoestehoje.com.br\/novoportal\/wp-json\/wp\/v2\/types\/post"}],"author":[{"embeddable":true,"href":"https:\/\/www.sudoestehoje.com.br\/novoportal\/wp-json\/wp\/v2\/users\/2"}],"replies":[{"embeddable":true,"href":"https:\/\/www.sudoestehoje.com.br\/novoportal\/wp-json\/wp\/v2\/comments?post=111725"}],"version-history":[{"count":1,"href":"https:\/\/www.sudoestehoje.com.br\/novoportal\/wp-json\/wp\/v2\/posts\/111725\/revisions"}],"predecessor-version":[{"id":111727,"href":"https:\/\/www.sudoestehoje.com.br\/novoportal\/wp-json\/wp\/v2\/posts\/111725\/revisions\/111727"}],"wp:featuredmedia":[{"embeddable":true,"href":"https:\/\/www.sudoestehoje.com.br\/novoportal\/wp-json\/wp\/v2\/media\/111726"}],"wp:attachment":[{"href":"https:\/\/www.sudoestehoje.com.br\/novoportal\/wp-json\/wp\/v2\/media?parent=111725"}],"wp:term":[{"taxonomy":"category","embeddable":true,"href":"https:\/\/www.sudoestehoje.com.br\/novoportal\/wp-json\/wp\/v2\/categories?post=111725"},{"taxonomy":"post_tag","embeddable":true,"href":"https:\/\/www.sudoestehoje.com.br\/novoportal\/wp-json\/wp\/v2\/tags?post=111725"}],"curies":[{"name":"wp","href":"https:\/\/api.w.org\/{rel}","templated":true}]}}