
{"id":111713,"date":"2023-08-02T09:01:55","date_gmt":"2023-08-02T12:01:55","guid":{"rendered":"https:\/\/www.sudoestehoje.com.br\/novoportal\/?p=111713"},"modified":"2023-08-02T09:06:58","modified_gmt":"2023-08-02T12:06:58","slug":"brasil-empata-com-a-jamaica-e-e-eliminada-da-copa-feminina-na-primeira-fase","status":"publish","type":"post","link":"https:\/\/www.sudoestehoje.com.br\/novoportal\/2023\/08\/02\/brasil-empata-com-a-jamaica-e-e-eliminada-da-copa-feminina-na-primeira-fase\/","title":{"rendered":"SELE\u00c7\u00c3O DO BRASIL EMPATA COM A JAMAICA E \u00c9 ELIMINADA DA COPA FEMININA NA PRIMEIRA FASE"},"content":{"rendered":"<p><img loading=\"lazy\" decoding=\"async\" class=\"alignnone size-full wp-image-111341\" src=\"https:\/\/www.sudoestehoje.com.br\/novoportal\/wp-content\/uploads\/2023\/07\/BANNER-LINEUP-550x100-2.gif\" alt=\"\" width=\"550\" height=\"100\" \/><\/p>\n<p><img loading=\"lazy\" decoding=\"async\" class=\"alignnone wp-image-111714\" src=\"https:\/\/www.sudoestehoje.com.br\/novoportal\/wp-content\/uploads\/2023\/08\/Brasil-600x338.jpg\" alt=\"\" width=\"550\" height=\"310\" srcset=\"https:\/\/www.sudoestehoje.com.br\/novoportal\/wp-content\/uploads\/2023\/08\/Brasil-600x338.jpg 600w, https:\/\/www.sudoestehoje.com.br\/novoportal\/wp-content\/uploads\/2023\/08\/Brasil-700x394.jpg 700w, https:\/\/www.sudoestehoje.com.br\/novoportal\/wp-content\/uploads\/2023\/08\/Brasil-768x433.jpg 768w, https:\/\/www.sudoestehoje.com.br\/novoportal\/wp-content\/uploads\/2023\/08\/Brasil.jpg 1278w\" sizes=\"auto, (max-width: 550px) 100vw, 550px\" \/><\/p>\n<p><strong>O Brasil foi eliminado na fase de grupos da Copa do Mundo Feminina. Na manh\u00e3 desta quarta-feira (2), a sele\u00e7\u00e3o brasileira ficou no empate sem gols com a Jamaica, no est\u00e1dio Retangular de Melbourne, pela terceira rodada do Grupo F.<\/strong><\/p>\n<p><strong>Com a igualdade, a sele\u00e7\u00e3o feminina encerrou sua participa\u00e7\u00e3o no Mundial de 2023 ocupando a terceira coloca\u00e7\u00e3o do Grupo G com quatro pontos, um a menos do que a Jamaica, que avan\u00e7ou para as oitavas de final na segunda posi\u00e7\u00e3o. <\/strong><\/p>\n<p><strong>A lideran\u00e7a da chave ficou com a Fran\u00e7a, que somou sete, ao vencer o Panam\u00e1 por 5 a 2, em Sidney. Zeradas, as panamenhas foram as \u00faltimas colocadas.<\/strong><\/p>\n<p><strong>Em tr\u00eas jogos disputados, o Brasil goleou o Panam\u00e1 na estreia por 4 a 0, perdeu da Fran\u00e7a por 2 a 1 e ficou no 0 a 0 com a Jamaica.<\/strong><\/p>\n","protected":false},"excerpt":{"rendered":"<p>O Brasil foi eliminado na fase de grupos da Copa do Mundo Feminina. Na manh\u00e3 desta quarta-feira (2), a sele\u00e7\u00e3o brasileira ficou no empate sem gols com a Jamaica, no est\u00e1dio Retangular de Melbourne, pela terceira rodada do Grupo F. Com a igualdade, a sele\u00e7\u00e3o feminina encerrou sua participa\u00e7\u00e3o no Mundial de 2023 ocupando a [&hellip;]<\/p>\n","protected":false},"author":2,"featured_media":111714,"comment_status":"closed","ping_status":"open","sticky":false,"template":"","format":"standard","meta":{"footnotes":"","_links_to":"","_links_to_target":""},"categories":[1],"tags":[],"class_list":["post-111713","post","type-post","status-publish","format-standard","has-post-thumbnail","hentry","category-geral"],"views":1002,"_links":{"self":[{"href":"https:\/\/www.sudoestehoje.com.br\/novoportal\/wp-json\/wp\/v2\/posts\/111713","targetHints":{"allow":["GET"]}}],"collection":[{"href":"https:\/\/www.sudoestehoje.com.br\/novoportal\/wp-json\/wp\/v2\/posts"}],"about":[{"href":"https:\/\/www.sudoestehoje.com.br\/novoportal\/wp-json\/wp\/v2\/types\/post"}],"author":[{"embeddable":true,"href":"https:\/\/www.sudoestehoje.com.br\/novoportal\/wp-json\/wp\/v2\/users\/2"}],"replies":[{"embeddable":true,"href":"https:\/\/www.sudoestehoje.com.br\/novoportal\/wp-json\/wp\/v2\/comments?post=111713"}],"version-history":[{"count":3,"href":"https:\/\/www.sudoestehoje.com.br\/novoportal\/wp-json\/wp\/v2\/posts\/111713\/revisions"}],"predecessor-version":[{"id":111717,"href":"https:\/\/www.sudoestehoje.com.br\/novoportal\/wp-json\/wp\/v2\/posts\/111713\/revisions\/111717"}],"wp:featuredmedia":[{"embeddable":true,"href":"https:\/\/www.sudoestehoje.com.br\/novoportal\/wp-json\/wp\/v2\/media\/111714"}],"wp:attachment":[{"href":"https:\/\/www.sudoestehoje.com.br\/novoportal\/wp-json\/wp\/v2\/media?parent=111713"}],"wp:term":[{"taxonomy":"category","embeddable":true,"href":"https:\/\/www.sudoestehoje.com.br\/novoportal\/wp-json\/wp\/v2\/categories?post=111713"},{"taxonomy":"post_tag","embeddable":true,"href":"https:\/\/www.sudoestehoje.com.br\/novoportal\/wp-json\/wp\/v2\/tags?post=111713"}],"curies":[{"name":"wp","href":"https:\/\/api.w.org\/{rel}","templated":true}]}}