
{"id":111706,"date":"2023-08-01T09:32:18","date_gmt":"2023-08-01T12:32:18","guid":{"rendered":"https:\/\/www.sudoestehoje.com.br\/novoportal\/?p=111706"},"modified":"2023-08-01T09:33:26","modified_gmt":"2023-08-01T12:33:26","slug":"itapetinga-escuridao-na-pista-motivou-acidente-com-morte-na-ba-262","status":"publish","type":"post","link":"https:\/\/www.sudoestehoje.com.br\/novoportal\/2023\/08\/01\/itapetinga-escuridao-na-pista-motivou-acidente-com-morte-na-ba-262\/","title":{"rendered":"ITAPETINGA | ESCURID\u00c3O NA PISTA MOTIVOU ACIDENTE COM MORTE NA BA-262"},"content":{"rendered":"<p><img loading=\"lazy\" decoding=\"async\" class=\"alignnone size-full wp-image-111341\" src=\"https:\/\/www.sudoestehoje.com.br\/novoportal\/wp-content\/uploads\/2023\/07\/BANNER-LINEUP-550x100-2.gif\" alt=\"\" width=\"550\" height=\"100\" \/><\/p>\n<p><img loading=\"lazy\" decoding=\"async\" class=\"alignnone  wp-image-111708\" src=\"https:\/\/www.sudoestehoje.com.br\/novoportal\/wp-content\/uploads\/2023\/08\/WhatsApp-Image-2023-08-01-at-09.25.59-600x348.jpeg\" alt=\"\" width=\"550\" height=\"319\" srcset=\"https:\/\/www.sudoestehoje.com.br\/novoportal\/wp-content\/uploads\/2023\/08\/WhatsApp-Image-2023-08-01-at-09.25.59-600x348.jpeg 600w, https:\/\/www.sudoestehoje.com.br\/novoportal\/wp-content\/uploads\/2023\/08\/WhatsApp-Image-2023-08-01-at-09.25.59-700x406.jpeg 700w, https:\/\/www.sudoestehoje.com.br\/novoportal\/wp-content\/uploads\/2023\/08\/WhatsApp-Image-2023-08-01-at-09.25.59-768x446.jpeg 768w, https:\/\/www.sudoestehoje.com.br\/novoportal\/wp-content\/uploads\/2023\/08\/WhatsApp-Image-2023-08-01-at-09.25.59.jpeg 894w\" sizes=\"auto, (max-width: 550px) 100vw, 550px\" \/><\/p>\n<p><strong>Um acidente com morte de um jovem de 17 anos chocou a popula\u00e7\u00e3o de Itapetinga na noite desta segunda-feira (31). A trag\u00e9dia aconteceu no trecho urbano da BA-263, nas proximidades do frigor\u00edfico JBS, quando a moto conduzida pelo jovem se chocou com um animal que atravessava a pista, no meio da escurid\u00e3o. O condutor teve escoria\u00e7\u00f5es, mas o carona da moto n\u00e3o resistiu e morreu no local.<\/strong><\/p>\n<p><strong>Esta n\u00e3o foi a primeira vez que acidente com morte aconteceu no mesmo trecho, devido \u00e0s p\u00e9ssimas condi\u00e7\u00f5es do asfalto e a falta de ilumina\u00e7\u00e3o, o que vem sendo cobrado pela popula\u00e7\u00e3o de Itapetinga, h\u00e1 anos.<\/strong><\/p>\n<p><strong>Por coincid\u00eancia, o<em> Sudoeste Hoje<\/em> postou mat\u00e9ria ontem, advertindo para o perigo que representa a falta de ilumina\u00e7\u00e3o na movimentada via, sem qualquer resposta por parte por parte do governo estadual e seus representantes no munic\u00edpio.<\/strong><\/p>\n<p><strong>V\u00e3o ter que carregar essa culpa nas costas at\u00e9 quando?<\/strong><\/p>\n<p><strong>Por Davi Ferraz<\/strong><\/p>\n","protected":false},"excerpt":{"rendered":"<p>Um acidente com morte de um jovem de 17 anos chocou a popula\u00e7\u00e3o de Itapetinga na noite desta segunda-feira (31). A trag\u00e9dia aconteceu no trecho urbano da BA-263, nas proximidades do frigor\u00edfico JBS, quando a moto conduzida pelo jovem se chocou com um animal que atravessava a pista, no meio da escurid\u00e3o. O condutor teve [&hellip;]<\/p>\n","protected":false},"author":2,"featured_media":111708,"comment_status":"closed","ping_status":"open","sticky":false,"template":"","format":"standard","meta":{"footnotes":"","_links_to":"","_links_to_target":""},"categories":[1],"tags":[],"class_list":["post-111706","post","type-post","status-publish","format-standard","has-post-thumbnail","hentry","category-geral"],"views":1365,"_links":{"self":[{"href":"https:\/\/www.sudoestehoje.com.br\/novoportal\/wp-json\/wp\/v2\/posts\/111706","targetHints":{"allow":["GET"]}}],"collection":[{"href":"https:\/\/www.sudoestehoje.com.br\/novoportal\/wp-json\/wp\/v2\/posts"}],"about":[{"href":"https:\/\/www.sudoestehoje.com.br\/novoportal\/wp-json\/wp\/v2\/types\/post"}],"author":[{"embeddable":true,"href":"https:\/\/www.sudoestehoje.com.br\/novoportal\/wp-json\/wp\/v2\/users\/2"}],"replies":[{"embeddable":true,"href":"https:\/\/www.sudoestehoje.com.br\/novoportal\/wp-json\/wp\/v2\/comments?post=111706"}],"version-history":[{"count":5,"href":"https:\/\/www.sudoestehoje.com.br\/novoportal\/wp-json\/wp\/v2\/posts\/111706\/revisions"}],"predecessor-version":[{"id":111712,"href":"https:\/\/www.sudoestehoje.com.br\/novoportal\/wp-json\/wp\/v2\/posts\/111706\/revisions\/111712"}],"wp:featuredmedia":[{"embeddable":true,"href":"https:\/\/www.sudoestehoje.com.br\/novoportal\/wp-json\/wp\/v2\/media\/111708"}],"wp:attachment":[{"href":"https:\/\/www.sudoestehoje.com.br\/novoportal\/wp-json\/wp\/v2\/media?parent=111706"}],"wp:term":[{"taxonomy":"category","embeddable":true,"href":"https:\/\/www.sudoestehoje.com.br\/novoportal\/wp-json\/wp\/v2\/categories?post=111706"},{"taxonomy":"post_tag","embeddable":true,"href":"https:\/\/www.sudoestehoje.com.br\/novoportal\/wp-json\/wp\/v2\/tags?post=111706"}],"curies":[{"name":"wp","href":"https:\/\/api.w.org\/{rel}","templated":true}]}}