
{"id":111698,"date":"2023-07-31T09:48:22","date_gmt":"2023-07-31T12:48:22","guid":{"rendered":"https:\/\/www.sudoestehoje.com.br\/novoportal\/?p=111698"},"modified":"2023-07-31T16:38:41","modified_gmt":"2023-07-31T19:38:41","slug":"itapetinga-davi-ferraz-sugere-ao-governo-a-iluminacao-da-ba-263-entre-o-trevo-da-azaleia-e-a-policia-rodoviaria","status":"publish","type":"post","link":"https:\/\/www.sudoestehoje.com.br\/novoportal\/2023\/07\/31\/itapetinga-davi-ferraz-sugere-ao-governo-a-iluminacao-da-ba-263-entre-o-trevo-da-azaleia-e-a-policia-rodoviaria\/","title":{"rendered":"ITAPETINGA | DAVI FERRAZ SUGERE AO GOVERNO A ILUMINA\u00c7\u00c3O DA BA-263 ENTRE O TREVO DA AZALEIA E A POL\u00cdCIA RODOVI\u00c1RIA"},"content":{"rendered":"<p><img loading=\"lazy\" decoding=\"async\" class=\"alignnone size-full wp-image-111341\" src=\"https:\/\/www.sudoestehoje.com.br\/novoportal\/wp-content\/uploads\/2023\/07\/BANNER-LINEUP-550x100-2.gif\" alt=\"\" width=\"550\" height=\"100\" \/><\/p>\n<p><img loading=\"lazy\" decoding=\"async\" class=\"alignnone wp-image-111700\" src=\"https:\/\/www.sudoestehoje.com.br\/novoportal\/wp-content\/uploads\/2023\/07\/WhatsApp-Image-2023-07-31-at-09.39.59-600x338.jpeg\" alt=\"\" width=\"550\" height=\"310\" srcset=\"https:\/\/www.sudoestehoje.com.br\/novoportal\/wp-content\/uploads\/2023\/07\/WhatsApp-Image-2023-07-31-at-09.39.59-600x338.jpeg 600w, https:\/\/www.sudoestehoje.com.br\/novoportal\/wp-content\/uploads\/2023\/07\/WhatsApp-Image-2023-07-31-at-09.39.59-700x394.jpeg 700w, https:\/\/www.sudoestehoje.com.br\/novoportal\/wp-content\/uploads\/2023\/07\/WhatsApp-Image-2023-07-31-at-09.39.59-768x432.jpeg 768w, https:\/\/www.sudoestehoje.com.br\/novoportal\/wp-content\/uploads\/2023\/07\/WhatsApp-Image-2023-07-31-at-09.39.59-1536x865.jpeg 1536w, https:\/\/www.sudoestehoje.com.br\/novoportal\/wp-content\/uploads\/2023\/07\/WhatsApp-Image-2023-07-31-at-09.39.59.jpeg 1600w\" sizes=\"auto, (max-width: 550px) 100vw, 550px\" \/><\/p>\n<p><strong>Dentre as v\u00e1rias demandas da popula\u00e7\u00e3o de Itapetinga e at\u00e9 de munic\u00edpios vizinhos, figura a ilumina\u00e7\u00e3o de todo o trecho urbano da BA-263, no per\u00edmetro entre o trevo da Vulcabras\/Azaleia e as proximidades do posto da Pol\u00edcia Rodovi\u00e1ria Estadual, por quest\u00f5es de seguran\u00e7a e mobilidade.<\/strong><\/p>\n<p><strong><em>&#8220;O trecho da rodovia entre a Azaleia e a Pol\u00edcia Rodovi\u00e1ria est\u00e1 quase que totalmente urbanizado ou em processo de urbaniza\u00e7\u00e3o e precisa se adequar \u00e1s normas de seguran\u00e7a e mobilidade, com ilumina\u00e7\u00e3o adequada, como ocorrem em outras cidades baianas&#8221;<\/em>, explicou o pr\u00e9-candidato a prefeito de Itapetinga, Davi Ferraz.<\/strong><\/p>\n<p><strong><em>&#8220;Com exce\u00e7\u00e3o de um pequeno trecho entre o trevo da Lagoa e a Uesb, todo o per\u00edmetro urbano da BA-263 \u00e9 totalmente escuro, contribuindo para a ocorr\u00eancia de in\u00fameros acidentes que j\u00e1 mataram dezenas de pessoas, sem falar dos frequentes roubos e assaltos&#8221;<\/em>, continuou Davi.<\/strong><\/p>\n<p><strong><em>&#8220;Como postulante ao cargo de gestor municipal, quero contribuir com o desenvolvimento da nossa cidade, reivindicando melhorias junto aos \u00f3rg\u00e3os estatais, em todas as esferas, pois esse \u00e9 o nosso dever, tamb\u00e9m como cidad\u00e3o&#8221;<\/em>, concluiu Davi.<\/strong><\/p>\n<p><strong>O pedido de ilumina\u00e7\u00e3o da BA-263 em Itapetinga ser\u00e1 encaminhado, atrav\u00e9s de of\u00edcio e pelos canais digitais, ao Secret\u00e1rio Estadual da Infraestrutura (SEINFRA), deputado S\u00e9rgio Brito e ao governador Jer\u00f4nimo Rodrigues, ainda esta semana, reiterando pedido do vereador Neto Ferraz (PSC) com o mesmo objeto.<\/strong><\/p>\n<p><strong>Reda\u00e7\u00e3o SH<\/strong><\/p>\n","protected":false},"excerpt":{"rendered":"<p>Dentre as v\u00e1rias demandas da popula\u00e7\u00e3o de Itapetinga e at\u00e9 de munic\u00edpios vizinhos, figura a ilumina\u00e7\u00e3o de todo o trecho urbano da BA-263, no per\u00edmetro entre o trevo da Vulcabras\/Azaleia e as proximidades do posto da Pol\u00edcia Rodovi\u00e1ria Estadual, por quest\u00f5es de seguran\u00e7a e mobilidade. &#8220;O trecho da rodovia entre a Azaleia e a Pol\u00edcia [&hellip;]<\/p>\n","protected":false},"author":2,"featured_media":111700,"comment_status":"closed","ping_status":"open","sticky":false,"template":"","format":"standard","meta":{"footnotes":"","_links_to":"","_links_to_target":""},"categories":[1],"tags":[],"class_list":["post-111698","post","type-post","status-publish","format-standard","has-post-thumbnail","hentry","category-geral"],"views":1008,"_links":{"self":[{"href":"https:\/\/www.sudoestehoje.com.br\/novoportal\/wp-json\/wp\/v2\/posts\/111698","targetHints":{"allow":["GET"]}}],"collection":[{"href":"https:\/\/www.sudoestehoje.com.br\/novoportal\/wp-json\/wp\/v2\/posts"}],"about":[{"href":"https:\/\/www.sudoestehoje.com.br\/novoportal\/wp-json\/wp\/v2\/types\/post"}],"author":[{"embeddable":true,"href":"https:\/\/www.sudoestehoje.com.br\/novoportal\/wp-json\/wp\/v2\/users\/2"}],"replies":[{"embeddable":true,"href":"https:\/\/www.sudoestehoje.com.br\/novoportal\/wp-json\/wp\/v2\/comments?post=111698"}],"version-history":[{"count":4,"href":"https:\/\/www.sudoestehoje.com.br\/novoportal\/wp-json\/wp\/v2\/posts\/111698\/revisions"}],"predecessor-version":[{"id":111704,"href":"https:\/\/www.sudoestehoje.com.br\/novoportal\/wp-json\/wp\/v2\/posts\/111698\/revisions\/111704"}],"wp:featuredmedia":[{"embeddable":true,"href":"https:\/\/www.sudoestehoje.com.br\/novoportal\/wp-json\/wp\/v2\/media\/111700"}],"wp:attachment":[{"href":"https:\/\/www.sudoestehoje.com.br\/novoportal\/wp-json\/wp\/v2\/media?parent=111698"}],"wp:term":[{"taxonomy":"category","embeddable":true,"href":"https:\/\/www.sudoestehoje.com.br\/novoportal\/wp-json\/wp\/v2\/categories?post=111698"},{"taxonomy":"post_tag","embeddable":true,"href":"https:\/\/www.sudoestehoje.com.br\/novoportal\/wp-json\/wp\/v2\/tags?post=111698"}],"curies":[{"name":"wp","href":"https:\/\/api.w.org\/{rel}","templated":true}]}}