
{"id":111693,"date":"2023-07-31T08:57:00","date_gmt":"2023-07-31T11:57:00","guid":{"rendered":"https:\/\/www.sudoestehoje.com.br\/novoportal\/?p=111693"},"modified":"2023-07-31T08:57:00","modified_gmt":"2023-07-31T11:57:00","slug":"flamengo-demite-preparador-fisico-que-deu-soco-no-rosto-do-atacante-pedro","status":"publish","type":"post","link":"https:\/\/www.sudoestehoje.com.br\/novoportal\/2023\/07\/31\/flamengo-demite-preparador-fisico-que-deu-soco-no-rosto-do-atacante-pedro\/","title":{"rendered":"FLAMENGO DEMITE PREPARADOR F\u00cdSICO QUE DEU SOCO NO ROSTO DO ATACANTE PEDRO"},"content":{"rendered":"<p><img loading=\"lazy\" decoding=\"async\" class=\"alignnone size-full wp-image-111341\" src=\"https:\/\/www.sudoestehoje.com.br\/novoportal\/wp-content\/uploads\/2023\/07\/BANNER-LINEUP-550x100-2.gif\" alt=\"\" width=\"550\" height=\"100\" \/><\/p>\n<p><img loading=\"lazy\" decoding=\"async\" class=\"alignnone  wp-image-111695\" src=\"https:\/\/www.sudoestehoje.com.br\/novoportal\/wp-content\/uploads\/2023\/07\/139265preparador-fisico-do-flamengo-pede-desculpas-apos-agressao-a-pedro-3-1000x530-1-600x318.jpg\" alt=\"\" width=\"549\" height=\"291\" srcset=\"https:\/\/www.sudoestehoje.com.br\/novoportal\/wp-content\/uploads\/2023\/07\/139265preparador-fisico-do-flamengo-pede-desculpas-apos-agressao-a-pedro-3-1000x530-1-600x318.jpg 600w, https:\/\/www.sudoestehoje.com.br\/novoportal\/wp-content\/uploads\/2023\/07\/139265preparador-fisico-do-flamengo-pede-desculpas-apos-agressao-a-pedro-3-1000x530-1-700x371.jpg 700w, https:\/\/www.sudoestehoje.com.br\/novoportal\/wp-content\/uploads\/2023\/07\/139265preparador-fisico-do-flamengo-pede-desculpas-apos-agressao-a-pedro-3-1000x530-1-768x407.jpg 768w, https:\/\/www.sudoestehoje.com.br\/novoportal\/wp-content\/uploads\/2023\/07\/139265preparador-fisico-do-flamengo-pede-desculpas-apos-agressao-a-pedro-3-1000x530-1.jpg 1000w\" sizes=\"auto, (max-width: 549px) 100vw, 549px\" \/><\/p>\n<p><strong>O Flamengo demitiu Pablo Fern\u00e1ndez no domingo o preparador f\u00edsico que agrediu o atacante Pedro com um soco no rosto, ap\u00f3s partida disputada contra o Atl\u00e9tico-MG no s\u00e1bado \u00e0 noite.<\/strong><\/p>\n<p><strong>O argentino foi comunicado da decis\u00e3o no come\u00e7o da noite de ontem. A dire\u00e7\u00e3o manteve Jorge Sampaoli como treinador do rubro-negro. Fern\u00e1ndez integrava a comiss\u00e3o t\u00e9cnica do treinador.<\/strong><\/p>\n<p><strong>Fern\u00e1ndez ficou em Belo Horizonte para prestar depoimento na delegacia, assim como Pedro, que tamb\u00e9m precisou fazer exame de corpo de delito para registrar o caso.<\/strong><\/p>\n<p><strong>O preparador f\u00edsico tinha voz ativa nas decis\u00f5es e inclusive dava treinos no Ninho do Urubu.<\/strong><\/p>\n","protected":false},"excerpt":{"rendered":"<p>O Flamengo demitiu Pablo Fern\u00e1ndez no domingo o preparador f\u00edsico que agrediu o atacante Pedro com um soco no rosto, ap\u00f3s partida disputada contra o Atl\u00e9tico-MG no s\u00e1bado \u00e0 noite. O argentino foi comunicado da decis\u00e3o no come\u00e7o da noite de ontem. A dire\u00e7\u00e3o manteve Jorge Sampaoli como treinador do rubro-negro. Fern\u00e1ndez integrava a comiss\u00e3o [&hellip;]<\/p>\n","protected":false},"author":2,"featured_media":111695,"comment_status":"closed","ping_status":"open","sticky":false,"template":"","format":"standard","meta":{"footnotes":"","_links_to":"","_links_to_target":""},"categories":[1],"tags":[],"class_list":["post-111693","post","type-post","status-publish","format-standard","has-post-thumbnail","hentry","category-geral"],"views":1019,"_links":{"self":[{"href":"https:\/\/www.sudoestehoje.com.br\/novoportal\/wp-json\/wp\/v2\/posts\/111693","targetHints":{"allow":["GET"]}}],"collection":[{"href":"https:\/\/www.sudoestehoje.com.br\/novoportal\/wp-json\/wp\/v2\/posts"}],"about":[{"href":"https:\/\/www.sudoestehoje.com.br\/novoportal\/wp-json\/wp\/v2\/types\/post"}],"author":[{"embeddable":true,"href":"https:\/\/www.sudoestehoje.com.br\/novoportal\/wp-json\/wp\/v2\/users\/2"}],"replies":[{"embeddable":true,"href":"https:\/\/www.sudoestehoje.com.br\/novoportal\/wp-json\/wp\/v2\/comments?post=111693"}],"version-history":[{"count":2,"href":"https:\/\/www.sudoestehoje.com.br\/novoportal\/wp-json\/wp\/v2\/posts\/111693\/revisions"}],"predecessor-version":[{"id":111697,"href":"https:\/\/www.sudoestehoje.com.br\/novoportal\/wp-json\/wp\/v2\/posts\/111693\/revisions\/111697"}],"wp:featuredmedia":[{"embeddable":true,"href":"https:\/\/www.sudoestehoje.com.br\/novoportal\/wp-json\/wp\/v2\/media\/111695"}],"wp:attachment":[{"href":"https:\/\/www.sudoestehoje.com.br\/novoportal\/wp-json\/wp\/v2\/media?parent=111693"}],"wp:term":[{"taxonomy":"category","embeddable":true,"href":"https:\/\/www.sudoestehoje.com.br\/novoportal\/wp-json\/wp\/v2\/categories?post=111693"},{"taxonomy":"post_tag","embeddable":true,"href":"https:\/\/www.sudoestehoje.com.br\/novoportal\/wp-json\/wp\/v2\/tags?post=111693"}],"curies":[{"name":"wp","href":"https:\/\/api.w.org\/{rel}","templated":true}]}}