
{"id":111689,"date":"2023-07-31T08:50:21","date_gmt":"2023-07-31T11:50:21","guid":{"rendered":"https:\/\/www.sudoestehoje.com.br\/novoportal\/?p=111689"},"modified":"2023-07-31T08:50:21","modified_gmt":"2023-07-31T11:50:21","slug":"salvador-corpo-de-homem-e-encontrado-dentro-de-isopor-no-porto-da-barra","status":"publish","type":"post","link":"https:\/\/www.sudoestehoje.com.br\/novoportal\/2023\/07\/31\/salvador-corpo-de-homem-e-encontrado-dentro-de-isopor-no-porto-da-barra\/","title":{"rendered":"SALVADOR | CORPO DE HOMEM \u00c9 ENCONTRADO DENTRO DE ISOPOR NO PORTO DA BARRA"},"content":{"rendered":"<p><img loading=\"lazy\" decoding=\"async\" class=\"alignnone size-full wp-image-111341\" src=\"https:\/\/www.sudoestehoje.com.br\/novoportal\/wp-content\/uploads\/2023\/07\/BANNER-LINEUP-550x100-2.gif\" alt=\"\" width=\"550\" height=\"100\" \/><\/p>\n<p><img loading=\"lazy\" decoding=\"async\" class=\"alignnone  wp-image-111690\" src=\"https:\/\/www.sudoestehoje.com.br\/novoportal\/wp-content\/uploads\/2023\/07\/4185-2023-07-30.png\" alt=\"\" width=\"550\" height=\"372\" \/><\/p>\n<p><strong>O corpo de um homem foi encontrado dentro de um isopor na praia do Porto da Barra, em Salvador, na manh\u00e3 deste domingo (30).<\/strong><\/p>\n<p><strong>O isopor estava abandonado entre o Forte de Santa Maria e o Farol da Barra, na cal\u00e7ada de pedestres.<\/strong><\/p>\n<p><strong>Agentes da Pol\u00edcia Militar isolaram a \u00e1rea, enquanto equipes do Departamento de Pol\u00edcia T\u00e9cnica (DPT) realizaram a per\u00edcia e a remo\u00e7\u00e3o do corpo por volta das 9h20.<\/strong><\/p>\n<p><strong>Em nota, a Pol\u00edcia Civil informou a 1\u00aa Delegacia de Homic\u00eddios (DH)\/Atl\u00e2ntico ficar\u00e1 respons\u00e1vel pela investiga\u00e7\u00e3o do caso.<\/strong><\/p>\n<p><strong>O corpo ainda n\u00e3o foi identificado. Testemunhas informaram que o corpo estava enrolado em um len\u00e7ol, dentro da caixa depositada entre duas lixeiras.<\/strong><\/p>\n","protected":false},"excerpt":{"rendered":"<p>O corpo de um homem foi encontrado dentro de um isopor na praia do Porto da Barra, em Salvador, na manh\u00e3 deste domingo (30). O isopor estava abandonado entre o Forte de Santa Maria e o Farol da Barra, na cal\u00e7ada de pedestres. Agentes da Pol\u00edcia Militar isolaram a \u00e1rea, enquanto equipes do Departamento de [&hellip;]<\/p>\n","protected":false},"author":2,"featured_media":111690,"comment_status":"closed","ping_status":"open","sticky":false,"template":"","format":"standard","meta":{"footnotes":"","_links_to":"","_links_to_target":""},"categories":[1],"tags":[],"class_list":["post-111689","post","type-post","status-publish","format-standard","has-post-thumbnail","hentry","category-geral"],"views":1024,"_links":{"self":[{"href":"https:\/\/www.sudoestehoje.com.br\/novoportal\/wp-json\/wp\/v2\/posts\/111689","targetHints":{"allow":["GET"]}}],"collection":[{"href":"https:\/\/www.sudoestehoje.com.br\/novoportal\/wp-json\/wp\/v2\/posts"}],"about":[{"href":"https:\/\/www.sudoestehoje.com.br\/novoportal\/wp-json\/wp\/v2\/types\/post"}],"author":[{"embeddable":true,"href":"https:\/\/www.sudoestehoje.com.br\/novoportal\/wp-json\/wp\/v2\/users\/2"}],"replies":[{"embeddable":true,"href":"https:\/\/www.sudoestehoje.com.br\/novoportal\/wp-json\/wp\/v2\/comments?post=111689"}],"version-history":[{"count":2,"href":"https:\/\/www.sudoestehoje.com.br\/novoportal\/wp-json\/wp\/v2\/posts\/111689\/revisions"}],"predecessor-version":[{"id":111692,"href":"https:\/\/www.sudoestehoje.com.br\/novoportal\/wp-json\/wp\/v2\/posts\/111689\/revisions\/111692"}],"wp:featuredmedia":[{"embeddable":true,"href":"https:\/\/www.sudoestehoje.com.br\/novoportal\/wp-json\/wp\/v2\/media\/111690"}],"wp:attachment":[{"href":"https:\/\/www.sudoestehoje.com.br\/novoportal\/wp-json\/wp\/v2\/media?parent=111689"}],"wp:term":[{"taxonomy":"category","embeddable":true,"href":"https:\/\/www.sudoestehoje.com.br\/novoportal\/wp-json\/wp\/v2\/categories?post=111689"},{"taxonomy":"post_tag","embeddable":true,"href":"https:\/\/www.sudoestehoje.com.br\/novoportal\/wp-json\/wp\/v2\/tags?post=111689"}],"curies":[{"name":"wp","href":"https:\/\/api.w.org\/{rel}","templated":true}]}}