
{"id":111674,"date":"2023-07-30T13:48:33","date_gmt":"2023-07-30T16:48:33","guid":{"rendered":"https:\/\/www.sudoestehoje.com.br\/novoportal\/?p=111674"},"modified":"2023-07-30T13:48:33","modified_gmt":"2023-07-30T16:48:33","slug":"intermunicipal-2023-selecao-de-itapetinga-enfrenta-ibicarai-fora-de-casa-neste-domingo","status":"publish","type":"post","link":"https:\/\/www.sudoestehoje.com.br\/novoportal\/2023\/07\/30\/intermunicipal-2023-selecao-de-itapetinga-enfrenta-ibicarai-fora-de-casa-neste-domingo\/","title":{"rendered":"INTERMUNICIPAL 2023 | SELE\u00c7\u00c3O DE ITAPETINGA ENFRENTA IBICARA\u00cd FORA DE CASA NESTE DOMINGO"},"content":{"rendered":"<p><img loading=\"lazy\" decoding=\"async\" class=\"alignnone size-full wp-image-111341\" src=\"https:\/\/www.sudoestehoje.com.br\/novoportal\/wp-content\/uploads\/2023\/07\/BANNER-LINEUP-550x100-2.gif\" alt=\"\" width=\"550\" height=\"100\" \/><\/p>\n<p><img loading=\"lazy\" decoding=\"async\" class=\"alignnone  wp-image-111678\" src=\"https:\/\/www.sudoestehoje.com.br\/novoportal\/wp-content\/uploads\/2023\/07\/maxresdefault-600x338.jpg\" alt=\"\" width=\"550\" height=\"310\" srcset=\"https:\/\/www.sudoestehoje.com.br\/novoportal\/wp-content\/uploads\/2023\/07\/maxresdefault-600x338.jpg 600w, https:\/\/www.sudoestehoje.com.br\/novoportal\/wp-content\/uploads\/2023\/07\/maxresdefault-700x394.jpg 700w, https:\/\/www.sudoestehoje.com.br\/novoportal\/wp-content\/uploads\/2023\/07\/maxresdefault-768x432.jpg 768w, https:\/\/www.sudoestehoje.com.br\/novoportal\/wp-content\/uploads\/2023\/07\/maxresdefault.jpg 1280w\" sizes=\"auto, (max-width: 550px) 100vw, 550px\" \/><\/p>\n<p><strong>Chegou o momento mais esperado pelos torcedores e desportistas baianos. A maior competi\u00e7\u00e3o de futebol n\u00e3o profissional do mundo est\u00e1 de volta para mais uma edi\u00e7\u00e3o, como muitas novidades anunciadas pela Federa\u00e7\u00e3o Baiana de Futebol.<\/strong><\/p>\n<p><strong>Logo na abertura, a sele\u00e7\u00e3o de Itapetinga, bicampe\u00e3 do certame, enfrenta fora de casa o forte time da cidade de Ibicara\u00ed, no Sul da Bahia, na tarde deste domingo (30). No Primaver\u00e3o, Po\u00e7\u00f5es e Itapitanga se enfrentam logo mais \u00e0s 15h.<\/strong><\/p>\n<p><strong>Itapetinga faz parte do grupo 12 do Intermunicipal 2023, ao lado das sele\u00e7\u00f5es de Ibicara\u00ed, Po\u00e7\u00f5es e Itapitanga.<\/strong><\/p>\n<p><strong>Todos os jogos da primeira rodada da fase inicial come\u00e7am \u00e0s 15h, com a cerim\u00f4nia oficial na cidade de Quijingue, na partida entre a sele\u00e7\u00e3o local e Jeremoabo.<\/strong><\/p>\n<p><strong>Confira os confrontos da rodada:<\/strong><\/p>\n<p><strong>Grupo 01 \u2013 Quijingue x Jeremoabo<\/strong><\/p>\n<p><strong>Grupo 02 \u2013 Cris\u00f3polis x Ribeira do Pombal \u2013 Tucano x Rio Real<\/strong><\/p>\n<p><strong>Grupo 03 \u2013 Retirol\u00e2ndia x Jacobina \u2013 Valente x Santaluz<\/strong><br \/>\n<strong>Grupo 04 \u2013 Barrocas x Concei\u00e7\u00e3o do Coit\u00e9 \u2013 Biritinga x Serrinha<\/strong><\/p>\n<p><strong>Grupo 05 \u2013 Santa B\u00e1rbara x Feira de Santana \u2013 Ipir\u00e1 x Riach\u00e3o do Jacu\u00edpe<\/strong><\/p>\n<p><strong>Grupo 06 \u2013 Terra Nova x Pojuca \u2013\u00a0Lauro de Freitas x Sim\u00f5es Filho<\/strong><\/p>\n<p><strong>Grupo 07 \u2013 Concei\u00e7\u00e3o da Feira x Cachoeira \u2013 Santo Amaro x\u00a0Saubara<\/strong><\/p>\n<p><strong>Grupo 08 \u2013 Cruz das Almas x Maragogipe \u2013 Santo Ant\u00f4nio de Jesus x Valen\u00e7a.<\/strong><\/p>\n<p><strong>Grupo 09 \u2013 Itiru\u00e7u x Castro Alves \u2013 Santa In\u00eas x Jequi\u00e9<\/strong><\/p>\n<p><strong>Grupo 10 \u2013 S\u00e3o Jos\u00e9 da Vit\u00f3ria x Coaraci \u2013 Itabuna\u00a0x Ipia\u00fa<\/strong><\/p>\n<p><strong>Grupo 11 \u2013 Lu\u00eds Eduardo Magalh\u00e3es x Barreiras<\/strong><\/p>\n<p><span style=\"color: #0000ff;\"><strong>Grupo 12 \u2013 Ibicara\u00ed x Itapetinga \u2013 Po\u00e7\u00f5es x Itapitanga<\/strong><\/span><\/p>\n<p><strong>Grupo 13 \u2013 Itagimirim x Belmonte \u2013 Mascote x Porto Seguro<\/strong><\/p>\n<p><strong>Grupo 14 \u2013 Prado x Eun\u00e1polis \u2013 Teixeira de Freitas x Itamaraju<\/strong><\/p>\n<p><strong>Reda\u00e7\u00e3o<\/strong><\/p>\n","protected":false},"excerpt":{"rendered":"<p>Chegou o momento mais esperado pelos torcedores e desportistas baianos. A maior competi\u00e7\u00e3o de futebol n\u00e3o profissional do mundo est\u00e1 de volta para mais uma edi\u00e7\u00e3o, como muitas novidades anunciadas pela Federa\u00e7\u00e3o Baiana de Futebol. Logo na abertura, a sele\u00e7\u00e3o de Itapetinga, bicampe\u00e3 do certame, enfrenta fora de casa o forte time da cidade de [&hellip;]<\/p>\n","protected":false},"author":2,"featured_media":111678,"comment_status":"closed","ping_status":"open","sticky":false,"template":"","format":"standard","meta":{"footnotes":"","_links_to":"","_links_to_target":""},"categories":[1],"tags":[],"class_list":["post-111674","post","type-post","status-publish","format-standard","has-post-thumbnail","hentry","category-geral"],"views":788,"_links":{"self":[{"href":"https:\/\/www.sudoestehoje.com.br\/novoportal\/wp-json\/wp\/v2\/posts\/111674","targetHints":{"allow":["GET"]}}],"collection":[{"href":"https:\/\/www.sudoestehoje.com.br\/novoportal\/wp-json\/wp\/v2\/posts"}],"about":[{"href":"https:\/\/www.sudoestehoje.com.br\/novoportal\/wp-json\/wp\/v2\/types\/post"}],"author":[{"embeddable":true,"href":"https:\/\/www.sudoestehoje.com.br\/novoportal\/wp-json\/wp\/v2\/users\/2"}],"replies":[{"embeddable":true,"href":"https:\/\/www.sudoestehoje.com.br\/novoportal\/wp-json\/wp\/v2\/comments?post=111674"}],"version-history":[{"count":4,"href":"https:\/\/www.sudoestehoje.com.br\/novoportal\/wp-json\/wp\/v2\/posts\/111674\/revisions"}],"predecessor-version":[{"id":111680,"href":"https:\/\/www.sudoestehoje.com.br\/novoportal\/wp-json\/wp\/v2\/posts\/111674\/revisions\/111680"}],"wp:featuredmedia":[{"embeddable":true,"href":"https:\/\/www.sudoestehoje.com.br\/novoportal\/wp-json\/wp\/v2\/media\/111678"}],"wp:attachment":[{"href":"https:\/\/www.sudoestehoje.com.br\/novoportal\/wp-json\/wp\/v2\/media?parent=111674"}],"wp:term":[{"taxonomy":"category","embeddable":true,"href":"https:\/\/www.sudoestehoje.com.br\/novoportal\/wp-json\/wp\/v2\/categories?post=111674"},{"taxonomy":"post_tag","embeddable":true,"href":"https:\/\/www.sudoestehoje.com.br\/novoportal\/wp-json\/wp\/v2\/tags?post=111674"}],"curies":[{"name":"wp","href":"https:\/\/api.w.org\/{rel}","templated":true}]}}