
{"id":111657,"date":"2023-07-29T09:09:36","date_gmt":"2023-07-29T12:09:36","guid":{"rendered":"https:\/\/www.sudoestehoje.com.br\/novoportal\/?p=111657"},"modified":"2023-07-29T09:09:36","modified_gmt":"2023-07-29T12:09:36","slug":"intermunicipal-tecnico-do-atletico-paranaense-manifesta-torcida-para-a-selecao-de-itapetinga","status":"publish","type":"post","link":"https:\/\/www.sudoestehoje.com.br\/novoportal\/2023\/07\/29\/intermunicipal-tecnico-do-atletico-paranaense-manifesta-torcida-para-a-selecao-de-itapetinga\/","title":{"rendered":"INTERMUNICIPAL | T\u00c9CNICO DO ATL\u00c9TICO PARANAENSE MANIFESTA TORCIDA PARA A SELE\u00c7\u00c3O DE ITAPETINGA"},"content":{"rendered":"<p><img loading=\"lazy\" decoding=\"async\" class=\"alignnone size-full wp-image-111341\" src=\"https:\/\/www.sudoestehoje.com.br\/novoportal\/wp-content\/uploads\/2023\/07\/BANNER-LINEUP-550x100-2.gif\" alt=\"\" width=\"550\" height=\"100\" \/><\/p>\n<p><img loading=\"lazy\" decoding=\"async\" class=\"alignnone  wp-image-111661\" src=\"https:\/\/www.sudoestehoje.com.br\/novoportal\/wp-content\/uploads\/2023\/07\/WhatsApp-Image-2023-07-29-at-08.28.23-600x477.jpeg\" alt=\"\" width=\"550\" height=\"437\" srcset=\"https:\/\/www.sudoestehoje.com.br\/novoportal\/wp-content\/uploads\/2023\/07\/WhatsApp-Image-2023-07-29-at-08.28.23-600x477.jpeg 600w, https:\/\/www.sudoestehoje.com.br\/novoportal\/wp-content\/uploads\/2023\/07\/WhatsApp-Image-2023-07-29-at-08.28.23-700x556.jpeg 700w, https:\/\/www.sudoestehoje.com.br\/novoportal\/wp-content\/uploads\/2023\/07\/WhatsApp-Image-2023-07-29-at-08.28.23-768x610.jpeg 768w, https:\/\/www.sudoestehoje.com.br\/novoportal\/wp-content\/uploads\/2023\/07\/WhatsApp-Image-2023-07-29-at-08.28.23.jpeg 984w\" sizes=\"auto, (max-width: 550px) 100vw, 550px\" \/><\/p>\n<p><strong>Sob o comando do t\u00e9cnico itapetinguense Wesley Carvalho, o Athletico\/PR luta pelos t\u00edtulos do Campeonato Brasileiro &#8211; S\u00e9rie A &#8211; e da Copa Libertadores da Am\u00e9rica nesta temporada 2023 .<\/strong><\/p>\n<p><strong>Em v\u00eddeo publicado, nesta sexta-feira (28), ele deixou um recado para a torcida da Sele\u00e7\u00e3o de Itapetinga, que estreia neste final de semana no Campeonato Baiano de Futebol Intermunicipa<em>l. &#8220;Diga torcedor itapetinguense, estou passando para dar um grande abra\u00e7o em todos voc\u00eas e desejar uma boa estreia para a Sele\u00e7\u00e3o de Itapetinga&#8221;<\/em>, afirmou.<\/strong><\/p>\n<p><strong>O t\u00e9cnico do Athletico\/PR destacou a for\u00e7a e o apoio da torcida de Itapetinga na maior competi\u00e7\u00e3o de futebol n\u00e3o-profissional do pa\u00eds.<em> &#8220;Que todos possam sempre apoiar o futebol da nossa cidade, apoiar tanto os atletas, como Marcelo que est\u00e1 comandando essa grande sele\u00e7\u00e3o&#8221;<\/em>, disse Wesley.<\/strong><\/p>\n<p><strong>Mesmo distante da sua cidade natal, Wesley manifestou a sua torcida para o Touro do Sudoeste no Intermunicipal.<em> &#8220;Estamos daqui de longe acompanhando e torcendo para o sucesso de todos, e para que Itapetinga forme mais atletas para o futebol brasileiro<\/em>&#8220;, finalizou.<\/strong><\/p>\n<p><strong>SAIBA MAIS SOBRE O T\u00c9CNICO<\/strong><\/p>\n<p><strong>Natural de Itapetinga, Wesley Carvalho deu seus primeiros passos no futebol na sua cidade natal, como goleiro. Ele \u00e9 amigo desde a sua inf\u00e2ncia do t\u00e9cnico da Sele\u00e7\u00e3o de Itapetinga, Marcelo Bui\u00fa.<\/strong><\/p>\n<p><strong> Wesley come\u00e7ou a escrever a sua trajet\u00f3ria profissional na Comiss\u00e3o T\u00e9cnica do Sub-17 do Vit\u00f3ria, clube onde comandou tamb\u00e9m a equipe profissional. <\/strong><\/p>\n<p><strong>Ap\u00f3s a passagem pelo Le\u00e3o da Barra, o itapetinguense foi auxiliar t\u00e9cnico do Palmeiras, antes de desembarcar no Paran\u00e1, onde ocupou a mesma fun\u00e7\u00e3o em seu primeiro ano, como auxiliar do pentacampe\u00e3o mundial com a Sele\u00e7\u00e3o Brasileira, Lu\u00eds Felipe Scolari.<\/strong><\/p>\n<p><strong>Hoje dirige a equipe principal do clube paranaense, um dos maiores do Brasil<\/strong>.<\/p>\n","protected":false},"excerpt":{"rendered":"<p>Sob o comando do t\u00e9cnico itapetinguense Wesley Carvalho, o Athletico\/PR luta pelos t\u00edtulos do Campeonato Brasileiro &#8211; S\u00e9rie A &#8211; e da Copa Libertadores da Am\u00e9rica nesta temporada 2023 . Em v\u00eddeo publicado, nesta sexta-feira (28), ele deixou um recado para a torcida da Sele\u00e7\u00e3o de Itapetinga, que estreia neste final de semana no Campeonato [&hellip;]<\/p>\n","protected":false},"author":2,"featured_media":111661,"comment_status":"closed","ping_status":"open","sticky":false,"template":"","format":"standard","meta":{"footnotes":"","_links_to":"","_links_to_target":""},"categories":[1],"tags":[],"class_list":["post-111657","post","type-post","status-publish","format-standard","has-post-thumbnail","hentry","category-geral"],"views":1065,"_links":{"self":[{"href":"https:\/\/www.sudoestehoje.com.br\/novoportal\/wp-json\/wp\/v2\/posts\/111657","targetHints":{"allow":["GET"]}}],"collection":[{"href":"https:\/\/www.sudoestehoje.com.br\/novoportal\/wp-json\/wp\/v2\/posts"}],"about":[{"href":"https:\/\/www.sudoestehoje.com.br\/novoportal\/wp-json\/wp\/v2\/types\/post"}],"author":[{"embeddable":true,"href":"https:\/\/www.sudoestehoje.com.br\/novoportal\/wp-json\/wp\/v2\/users\/2"}],"replies":[{"embeddable":true,"href":"https:\/\/www.sudoestehoje.com.br\/novoportal\/wp-json\/wp\/v2\/comments?post=111657"}],"version-history":[{"count":6,"href":"https:\/\/www.sudoestehoje.com.br\/novoportal\/wp-json\/wp\/v2\/posts\/111657\/revisions"}],"predecessor-version":[{"id":111664,"href":"https:\/\/www.sudoestehoje.com.br\/novoportal\/wp-json\/wp\/v2\/posts\/111657\/revisions\/111664"}],"wp:featuredmedia":[{"embeddable":true,"href":"https:\/\/www.sudoestehoje.com.br\/novoportal\/wp-json\/wp\/v2\/media\/111661"}],"wp:attachment":[{"href":"https:\/\/www.sudoestehoje.com.br\/novoportal\/wp-json\/wp\/v2\/media?parent=111657"}],"wp:term":[{"taxonomy":"category","embeddable":true,"href":"https:\/\/www.sudoestehoje.com.br\/novoportal\/wp-json\/wp\/v2\/categories?post=111657"},{"taxonomy":"post_tag","embeddable":true,"href":"https:\/\/www.sudoestehoje.com.br\/novoportal\/wp-json\/wp\/v2\/tags?post=111657"}],"curies":[{"name":"wp","href":"https:\/\/api.w.org\/{rel}","templated":true}]}}