
{"id":111650,"date":"2023-07-28T23:42:26","date_gmt":"2023-07-29T02:42:26","guid":{"rendered":"https:\/\/www.sudoestehoje.com.br\/novoportal\/?p=111650"},"modified":"2023-07-28T23:42:26","modified_gmt":"2023-07-29T02:42:26","slug":"copa-feminina-brasil-enfrenta-franca-na-manha-deste-sabado","status":"publish","type":"post","link":"https:\/\/www.sudoestehoje.com.br\/novoportal\/2023\/07\/28\/copa-feminina-brasil-enfrenta-franca-na-manha-deste-sabado\/","title":{"rendered":"COPA FEMININA | BRASIL ENFRENTA FRAN\u00c7A NA MANH\u00c3 DESTE S\u00c1BADO"},"content":{"rendered":"<p><img loading=\"lazy\" decoding=\"async\" class=\"alignnone size-full wp-image-111341\" src=\"https:\/\/www.sudoestehoje.com.br\/novoportal\/wp-content\/uploads\/2023\/07\/BANNER-LINEUP-550x100-2.gif\" alt=\"\" width=\"550\" height=\"100\" \/><\/p>\n<p><img loading=\"lazy\" decoding=\"async\" class=\"alignnone  wp-image-111654\" src=\"https:\/\/www.sudoestehoje.com.br\/novoportal\/wp-content\/uploads\/2023\/07\/Screenshot_3.png\" alt=\"\" width=\"549\" height=\"334\" \/><\/p>\n<p class=\"text\"><strong>O\u00a0Brasil\u00a0enfrenta a\u00a0Fran\u00e7a\u00a0pela segundada rodada da fase de grupos da Copa Feminina de Futebol. O jogo ocorre neste s\u00e1bado (28), \u00e0s 7h (de Bras\u00edlia), no Est\u00e1dio de Brisbane, na Austr\u00e1lia.<\/strong><\/p>\n<p class=\"text\"><strong>Em 20 anos de disputa entre as duas sele\u00e7\u00f5es, a canarinho jamais bateu as francesas. Foram 11 jogos, com cinco vit\u00f3rias europeias e seis empates.<\/strong><\/p>\n<p><strong>BRASIL X FRAN\u00c7A<\/strong><\/p>\n<ul>\n<li><strong>DATA: 29\/07\/2023 (s\u00e1bado)<\/strong><\/li>\n<li><strong>HOR\u00c1RIO: 7h00 (hor\u00e1rio de Bras\u00edlia).<\/strong><\/li>\n<li><strong>LOCAL: Est\u00e1dio de Brisbane, na Austr\u00e1lia.<\/strong><\/li>\n<\/ul>\n<p><strong>ONDE ASSISTIR<\/strong><\/p>\n<ul>\n<li><strong>Globo (TV Aberta)<\/strong><\/li>\n<li><strong>SporTV (TV Fechada)<\/strong><\/li>\n<li><strong>Caz\u00e9TV (Streaming)<\/strong><\/li>\n<\/ul>\n","protected":false},"excerpt":{"rendered":"<p>O\u00a0Brasil\u00a0enfrenta a\u00a0Fran\u00e7a\u00a0pela segundada rodada da fase de grupos da Copa Feminina de Futebol. O jogo ocorre neste s\u00e1bado (28), \u00e0s 7h (de Bras\u00edlia), no Est\u00e1dio de Brisbane, na Austr\u00e1lia. Em 20 anos de disputa entre as duas sele\u00e7\u00f5es, a canarinho jamais bateu as francesas. Foram 11 jogos, com cinco vit\u00f3rias europeias e seis empates. BRASIL [&hellip;]<\/p>\n","protected":false},"author":2,"featured_media":111654,"comment_status":"closed","ping_status":"open","sticky":false,"template":"","format":"standard","meta":{"footnotes":"","_links_to":"","_links_to_target":""},"categories":[1],"tags":[],"class_list":["post-111650","post","type-post","status-publish","format-standard","has-post-thumbnail","hentry","category-geral"],"views":791,"_links":{"self":[{"href":"https:\/\/www.sudoestehoje.com.br\/novoportal\/wp-json\/wp\/v2\/posts\/111650","targetHints":{"allow":["GET"]}}],"collection":[{"href":"https:\/\/www.sudoestehoje.com.br\/novoportal\/wp-json\/wp\/v2\/posts"}],"about":[{"href":"https:\/\/www.sudoestehoje.com.br\/novoportal\/wp-json\/wp\/v2\/types\/post"}],"author":[{"embeddable":true,"href":"https:\/\/www.sudoestehoje.com.br\/novoportal\/wp-json\/wp\/v2\/users\/2"}],"replies":[{"embeddable":true,"href":"https:\/\/www.sudoestehoje.com.br\/novoportal\/wp-json\/wp\/v2\/comments?post=111650"}],"version-history":[{"count":3,"href":"https:\/\/www.sudoestehoje.com.br\/novoportal\/wp-json\/wp\/v2\/posts\/111650\/revisions"}],"predecessor-version":[{"id":111655,"href":"https:\/\/www.sudoestehoje.com.br\/novoportal\/wp-json\/wp\/v2\/posts\/111650\/revisions\/111655"}],"wp:featuredmedia":[{"embeddable":true,"href":"https:\/\/www.sudoestehoje.com.br\/novoportal\/wp-json\/wp\/v2\/media\/111654"}],"wp:attachment":[{"href":"https:\/\/www.sudoestehoje.com.br\/novoportal\/wp-json\/wp\/v2\/media?parent=111650"}],"wp:term":[{"taxonomy":"category","embeddable":true,"href":"https:\/\/www.sudoestehoje.com.br\/novoportal\/wp-json\/wp\/v2\/categories?post=111650"},{"taxonomy":"post_tag","embeddable":true,"href":"https:\/\/www.sudoestehoje.com.br\/novoportal\/wp-json\/wp\/v2\/tags?post=111650"}],"curies":[{"name":"wp","href":"https:\/\/api.w.org\/{rel}","templated":true}]}}