
{"id":111635,"date":"2023-07-28T09:56:32","date_gmt":"2023-07-28T12:56:32","guid":{"rendered":"https:\/\/www.sudoestehoje.com.br\/novoportal\/?p=111635"},"modified":"2023-07-28T10:15:25","modified_gmt":"2023-07-28T13:15:25","slug":"bahia-em-chamas-traficantes-tocam-fogo-em-onibus-na-capital-e-aulas-sao-suspensas","status":"publish","type":"post","link":"https:\/\/www.sudoestehoje.com.br\/novoportal\/2023\/07\/28\/bahia-em-chamas-traficantes-tocam-fogo-em-onibus-na-capital-e-aulas-sao-suspensas\/","title":{"rendered":"BAHIA EM CHAMAS! TRAFICANTES TOCAM FOGO EM \u00d4NIBUS NA CAPITAL E AULAS S\u00c3O SUSPENSAS"},"content":{"rendered":"<div id=\"chunk-2k7ac\">\n<div class=\"mc-column content-text active-extra-styles \" data-block-type=\"unstyled\" data-block-weight=\"53\" data-block-id=\"3\">\n<p data-track-category=\"Link no Texto\" data-track-links=\"\"><img loading=\"lazy\" decoding=\"async\" class=\"alignnone size-full wp-image-111341\" src=\"https:\/\/www.sudoestehoje.com.br\/novoportal\/wp-content\/uploads\/2023\/07\/BANNER-LINEUP-550x100-2.gif\" alt=\"\" width=\"550\" height=\"100\" \/><\/p>\n<p data-track-category=\"Link no Texto\" data-track-links=\"\"><img loading=\"lazy\" decoding=\"async\" class=\"alignnone wp-image-111637\" src=\"https:\/\/www.sudoestehoje.com.br\/novoportal\/wp-content\/uploads\/2023\/07\/IMAGEM_NOTICIA_1-600x450.jpg\" alt=\"\" width=\"551\" height=\"413\" srcset=\"https:\/\/www.sudoestehoje.com.br\/novoportal\/wp-content\/uploads\/2023\/07\/IMAGEM_NOTICIA_1-600x450.jpg 600w, https:\/\/www.sudoestehoje.com.br\/novoportal\/wp-content\/uploads\/2023\/07\/IMAGEM_NOTICIA_1-700x525.jpg 700w, https:\/\/www.sudoestehoje.com.br\/novoportal\/wp-content\/uploads\/2023\/07\/IMAGEM_NOTICIA_1-768x576.jpg 768w, https:\/\/www.sudoestehoje.com.br\/novoportal\/wp-content\/uploads\/2023\/07\/IMAGEM_NOTICIA_1.jpg 800w\" sizes=\"auto, (max-width: 551px) 100vw, 551px\" \/><\/p>\n<p class=\"content-text__container \" data-track-category=\"Link no Texto\" data-track-links=\"\"><strong>Um \u00f4nibus foi incendiado e outro apedrejado por criminosos na manh\u00e3 desta sexta-feira (28), na avenida Ulysses Guimar\u00e3es, na altura da entrada do bairro Sussuarana, em\u00a0Salvador. <\/strong><\/p>\n<p class=\"content-text__container \" data-track-category=\"Link no Texto\" data-track-links=\"\"><strong>Por causa da situa\u00e7\u00e3o, a Secretaria Municipal de Educa\u00e7\u00e3o anunciou a suspens\u00e3o das aulas. Por conta disso, quase mil alunos da rede municipal ficaram sem aulas.<\/strong><\/p>\n<\/div>\n<\/div>\n<div class=\"wall protected-content\">\n<div id=\"chunk-amtfq\">\n<div class=\"mc-column content-text active-extra-styles \" data-block-type=\"unstyled\" data-block-weight=\"23\" data-block-id=\"4\">\n<p class=\"content-text__container \" data-track-category=\"Link no Texto\" data-track-links=\"\"><strong>J\u00e1 a Secretaria da Educa\u00e7\u00e3o do Estado (SEC) informa que as escolas estaduais no bairro abriram normalmente para o funcionamento das suas atividades.<\/strong><\/p>\n<\/div>\n<\/div>\n<div id=\"chunk-4gvl3\">\n<div class=\"mc-column content-text active-extra-styles \" data-block-type=\"unstyled\" data-block-weight=\"45\" data-block-id=\"5\">\n<p class=\"content-text__container \" data-track-category=\"Link no Texto\" data-track-links=\"\"><strong>Ainda segundo os moradores, o inc\u00eandio no ve\u00edculo aconteceu momentos depois de um &#8220;arrast\u00e3o&#8221; contra passageiros e pessoas que estavam no ponto do \u00f4nibus. Pol\u00edcia Militar e Pol\u00edcia Civil n\u00e3o confirmaram o &#8216;arrast\u00e3o&#8217;. <\/strong><\/p>\n<p class=\"content-text__container \" data-track-category=\"Link no Texto\" data-track-links=\"\"><strong>Equipes do Corpo de Bombeiros foram acionadas e apagaram as chamas.<\/strong><\/p>\n<\/div>\n<\/div>\n<\/div>\n","protected":false},"excerpt":{"rendered":"<p>Um \u00f4nibus foi incendiado e outro apedrejado por criminosos na manh\u00e3 desta sexta-feira (28), na avenida Ulysses Guimar\u00e3es, na altura da entrada do bairro Sussuarana, em\u00a0Salvador. Por causa da situa\u00e7\u00e3o, a Secretaria Municipal de Educa\u00e7\u00e3o anunciou a suspens\u00e3o das aulas. Por conta disso, quase mil alunos da rede municipal ficaram sem aulas. J\u00e1 a Secretaria [&hellip;]<\/p>\n","protected":false},"author":2,"featured_media":111637,"comment_status":"closed","ping_status":"open","sticky":false,"template":"","format":"standard","meta":{"footnotes":"","_links_to":"","_links_to_target":""},"categories":[1],"tags":[],"class_list":["post-111635","post","type-post","status-publish","format-standard","has-post-thumbnail","hentry","category-geral"],"views":927,"_links":{"self":[{"href":"https:\/\/www.sudoestehoje.com.br\/novoportal\/wp-json\/wp\/v2\/posts\/111635","targetHints":{"allow":["GET"]}}],"collection":[{"href":"https:\/\/www.sudoestehoje.com.br\/novoportal\/wp-json\/wp\/v2\/posts"}],"about":[{"href":"https:\/\/www.sudoestehoje.com.br\/novoportal\/wp-json\/wp\/v2\/types\/post"}],"author":[{"embeddable":true,"href":"https:\/\/www.sudoestehoje.com.br\/novoportal\/wp-json\/wp\/v2\/users\/2"}],"replies":[{"embeddable":true,"href":"https:\/\/www.sudoestehoje.com.br\/novoportal\/wp-json\/wp\/v2\/comments?post=111635"}],"version-history":[{"count":4,"href":"https:\/\/www.sudoestehoje.com.br\/novoportal\/wp-json\/wp\/v2\/posts\/111635\/revisions"}],"predecessor-version":[{"id":111640,"href":"https:\/\/www.sudoestehoje.com.br\/novoportal\/wp-json\/wp\/v2\/posts\/111635\/revisions\/111640"}],"wp:featuredmedia":[{"embeddable":true,"href":"https:\/\/www.sudoestehoje.com.br\/novoportal\/wp-json\/wp\/v2\/media\/111637"}],"wp:attachment":[{"href":"https:\/\/www.sudoestehoje.com.br\/novoportal\/wp-json\/wp\/v2\/media?parent=111635"}],"wp:term":[{"taxonomy":"category","embeddable":true,"href":"https:\/\/www.sudoestehoje.com.br\/novoportal\/wp-json\/wp\/v2\/categories?post=111635"},{"taxonomy":"post_tag","embeddable":true,"href":"https:\/\/www.sudoestehoje.com.br\/novoportal\/wp-json\/wp\/v2\/tags?post=111635"}],"curies":[{"name":"wp","href":"https:\/\/api.w.org\/{rel}","templated":true}]}}