
{"id":111630,"date":"2023-07-27T22:20:59","date_gmt":"2023-07-28T01:20:59","guid":{"rendered":"https:\/\/www.sudoestehoje.com.br\/novoportal\/?p=111630"},"modified":"2023-07-27T22:20:59","modified_gmt":"2023-07-28T01:20:59","slug":"preco-da-gasolina-dispara-e-chega-a-r-619-em-itapetinga","status":"publish","type":"post","link":"https:\/\/www.sudoestehoje.com.br\/novoportal\/2023\/07\/27\/preco-da-gasolina-dispara-e-chega-a-r-619-em-itapetinga\/","title":{"rendered":"PRE\u00c7O DA GASOLINA DISPARA E CHEGA A R$ 6,19 EM ITAPETINGA"},"content":{"rendered":"<p><img loading=\"lazy\" decoding=\"async\" class=\"alignnone size-full wp-image-111341\" src=\"https:\/\/www.sudoestehoje.com.br\/novoportal\/wp-content\/uploads\/2023\/07\/BANNER-LINEUP-550x100-2.gif\" alt=\"\" width=\"550\" height=\"100\" \/><\/p>\n<p><img loading=\"lazy\" decoding=\"async\" class=\"alignnone  wp-image-111631\" src=\"https:\/\/www.sudoestehoje.com.br\/novoportal\/wp-content\/uploads\/2023\/07\/WhatsApp-Image-2023-07-27-at-22.17.59-600x391.jpeg\" alt=\"\" width=\"551\" height=\"359\" srcset=\"https:\/\/www.sudoestehoje.com.br\/novoportal\/wp-content\/uploads\/2023\/07\/WhatsApp-Image-2023-07-27-at-22.17.59-600x391.jpeg 600w, https:\/\/www.sudoestehoje.com.br\/novoportal\/wp-content\/uploads\/2023\/07\/WhatsApp-Image-2023-07-27-at-22.17.59-700x456.jpeg 700w, https:\/\/www.sudoestehoje.com.br\/novoportal\/wp-content\/uploads\/2023\/07\/WhatsApp-Image-2023-07-27-at-22.17.59-768x500.jpeg 768w, https:\/\/www.sudoestehoje.com.br\/novoportal\/wp-content\/uploads\/2023\/07\/WhatsApp-Image-2023-07-27-at-22.17.59-1536x1000.jpeg 1536w, https:\/\/www.sudoestehoje.com.br\/novoportal\/wp-content\/uploads\/2023\/07\/WhatsApp-Image-2023-07-27-at-22.17.59.jpeg 1600w\" sizes=\"auto, (max-width: 551px) 100vw, 551px\" \/><\/p>\n<p><strong>Sem pr\u00e9vio aviso por parte da refinaria Acelen, os pre\u00e7os dos combust\u00edveis voltaram a subir em Itapetinga, nesta quinta-feira (27). <\/strong><\/p>\n<p><strong>Nos principais postos, a gasolina comum chegou a R$ 6,19, o etanol a R$ 4,59 e o diesel a R$ 5,16.\u00a0<\/strong><\/p>\n<p><strong>Quem aguenta?<\/strong><\/p>\n<p><strong>Por Davi Ferraz\u00a0<\/strong><\/p>\n","protected":false},"excerpt":{"rendered":"<p>Sem pr\u00e9vio aviso por parte da refinaria Acelen, os pre\u00e7os dos combust\u00edveis voltaram a subir em Itapetinga, nesta quinta-feira (27). Nos principais postos, a gasolina comum chegou a R$ 6,19, o etanol a R$ 4,59 e o diesel a R$ 5,16.\u00a0 Quem aguenta? Por Davi Ferraz\u00a0<\/p>\n","protected":false},"author":2,"featured_media":111631,"comment_status":"closed","ping_status":"open","sticky":false,"template":"","format":"standard","meta":{"footnotes":"","_links_to":"","_links_to_target":""},"categories":[1],"tags":[],"class_list":["post-111630","post","type-post","status-publish","format-standard","has-post-thumbnail","hentry","category-geral"],"views":1047,"_links":{"self":[{"href":"https:\/\/www.sudoestehoje.com.br\/novoportal\/wp-json\/wp\/v2\/posts\/111630","targetHints":{"allow":["GET"]}}],"collection":[{"href":"https:\/\/www.sudoestehoje.com.br\/novoportal\/wp-json\/wp\/v2\/posts"}],"about":[{"href":"https:\/\/www.sudoestehoje.com.br\/novoportal\/wp-json\/wp\/v2\/types\/post"}],"author":[{"embeddable":true,"href":"https:\/\/www.sudoestehoje.com.br\/novoportal\/wp-json\/wp\/v2\/users\/2"}],"replies":[{"embeddable":true,"href":"https:\/\/www.sudoestehoje.com.br\/novoportal\/wp-json\/wp\/v2\/comments?post=111630"}],"version-history":[{"count":2,"href":"https:\/\/www.sudoestehoje.com.br\/novoportal\/wp-json\/wp\/v2\/posts\/111630\/revisions"}],"predecessor-version":[{"id":111633,"href":"https:\/\/www.sudoestehoje.com.br\/novoportal\/wp-json\/wp\/v2\/posts\/111630\/revisions\/111633"}],"wp:featuredmedia":[{"embeddable":true,"href":"https:\/\/www.sudoestehoje.com.br\/novoportal\/wp-json\/wp\/v2\/media\/111631"}],"wp:attachment":[{"href":"https:\/\/www.sudoestehoje.com.br\/novoportal\/wp-json\/wp\/v2\/media?parent=111630"}],"wp:term":[{"taxonomy":"category","embeddable":true,"href":"https:\/\/www.sudoestehoje.com.br\/novoportal\/wp-json\/wp\/v2\/categories?post=111630"},{"taxonomy":"post_tag","embeddable":true,"href":"https:\/\/www.sudoestehoje.com.br\/novoportal\/wp-json\/wp\/v2\/tags?post=111630"}],"curies":[{"name":"wp","href":"https:\/\/api.w.org\/{rel}","templated":true}]}}