
{"id":111624,"date":"2023-07-27T18:49:36","date_gmt":"2023-07-27T21:49:36","guid":{"rendered":"https:\/\/www.sudoestehoje.com.br\/novoportal\/?p=111624"},"modified":"2023-07-27T18:50:22","modified_gmt":"2023-07-27T21:50:22","slug":"apos-paralizacao-professores-estaduais-apontam-possibilidade-de-greve-geral","status":"publish","type":"post","link":"https:\/\/www.sudoestehoje.com.br\/novoportal\/2023\/07\/27\/apos-paralizacao-professores-estaduais-apontam-possibilidade-de-greve-geral\/","title":{"rendered":"AP\u00d3S PARALISA\u00c7\u00c3O, PROFESSORES ESTADUAIS APONTAM POSSIBILIDADE DE GREVE GERAL"},"content":{"rendered":"<p><img loading=\"lazy\" decoding=\"async\" class=\"alignnone size-full wp-image-111341\" src=\"https:\/\/www.sudoestehoje.com.br\/novoportal\/wp-content\/uploads\/2023\/07\/BANNER-LINEUP-550x100-2.gif\" alt=\"\" width=\"550\" height=\"100\" \/><\/p>\n<p><img loading=\"lazy\" decoding=\"async\" class=\"alignnone wp-image-111626\" src=\"https:\/\/www.sudoestehoje.com.br\/novoportal\/wp-content\/uploads\/2023\/07\/Protesto-dos-professores-1.jpg\" alt=\"\" width=\"549\" height=\"300\" \/><\/p>\n<p><strong>Durante protesto dos professores da rede estadual de ensino, no Centro Administrativo (CAB), nesta quinta-feira (27), a presidente da Associa\u00e7\u00e3o Classista da Educa\u00e7\u00e3o e Esporte da Bahia (ACEB), Marinalva Nunes, frisou que a categoria n\u00e3o vai aceitar o posicionamento do governador Jer\u00f4nimo Rodrigues, que, segundo a sindicalista, em declara\u00e7\u00e3o \u00e0 imprensa afirmou que n\u00e3o vai efetuar o pagamento da segunda parcela dos precat\u00f3rios do Fundef com a corre\u00e7\u00e3o dos juros e mora.<\/strong><\/p>\n<p><strong>Nunes pontuou que a Procuradoria Geral do Estado( PGE) precisa se posicionar, pois a corre\u00e7\u00e3o dos juros e mora est\u00e1 garantida na Emenda Constitucional 114 e no artigo 2\u00b0 da Lei 14.485\/22, que possibilita a nova regulamenta\u00e7\u00e3o. A sindicalista ressaltou ser um direito dos professores amparado pela legisla\u00e7\u00e3o e dever do Estado cumprir o que determina a legisla\u00e7\u00e3o.<\/strong><\/p>\n<p><strong>\u201cN\u00e3o vamos nos contentar com essa situa\u00e7\u00e3o de a Bahia ser o \u00fanico estado do Norte e Nordeste que n\u00e3o cumpre a legisla\u00e7\u00e3o corretamente. O governador do Estado n\u00e3o pode ter essa compreens\u00e3o, porque n\u00e3o \u00e9 isso o que est\u00e1 dito na legisla\u00e7\u00e3o. A PGE da Bahia precisa se posicionar de forma positiva, com os olhos da lei. Vamos continuar perseguindo o nosso direito como todos os outros estados conquistaram. Agosto vai ser um m\u00eas de muita luta. Vai ter muita press\u00e3o na Assembleia\u201d, assegurou a sindicalista.<\/strong><\/p>\n","protected":false},"excerpt":{"rendered":"<p>Durante protesto dos professores da rede estadual de ensino, no Centro Administrativo (CAB), nesta quinta-feira (27), a presidente da Associa\u00e7\u00e3o Classista da Educa\u00e7\u00e3o e Esporte da Bahia (ACEB), Marinalva Nunes, frisou que a categoria n\u00e3o vai aceitar o posicionamento do governador Jer\u00f4nimo Rodrigues, que, segundo a sindicalista, em declara\u00e7\u00e3o \u00e0 imprensa afirmou que n\u00e3o vai [&hellip;]<\/p>\n","protected":false},"author":2,"featured_media":111626,"comment_status":"closed","ping_status":"open","sticky":false,"template":"","format":"standard","meta":{"footnotes":"","_links_to":"","_links_to_target":""},"categories":[1],"tags":[],"class_list":["post-111624","post","type-post","status-publish","format-standard","has-post-thumbnail","hentry","category-geral"],"views":826,"_links":{"self":[{"href":"https:\/\/www.sudoestehoje.com.br\/novoportal\/wp-json\/wp\/v2\/posts\/111624","targetHints":{"allow":["GET"]}}],"collection":[{"href":"https:\/\/www.sudoestehoje.com.br\/novoportal\/wp-json\/wp\/v2\/posts"}],"about":[{"href":"https:\/\/www.sudoestehoje.com.br\/novoportal\/wp-json\/wp\/v2\/types\/post"}],"author":[{"embeddable":true,"href":"https:\/\/www.sudoestehoje.com.br\/novoportal\/wp-json\/wp\/v2\/users\/2"}],"replies":[{"embeddable":true,"href":"https:\/\/www.sudoestehoje.com.br\/novoportal\/wp-json\/wp\/v2\/comments?post=111624"}],"version-history":[{"count":3,"href":"https:\/\/www.sudoestehoje.com.br\/novoportal\/wp-json\/wp\/v2\/posts\/111624\/revisions"}],"predecessor-version":[{"id":111629,"href":"https:\/\/www.sudoestehoje.com.br\/novoportal\/wp-json\/wp\/v2\/posts\/111624\/revisions\/111629"}],"wp:featuredmedia":[{"embeddable":true,"href":"https:\/\/www.sudoestehoje.com.br\/novoportal\/wp-json\/wp\/v2\/media\/111626"}],"wp:attachment":[{"href":"https:\/\/www.sudoestehoje.com.br\/novoportal\/wp-json\/wp\/v2\/media?parent=111624"}],"wp:term":[{"taxonomy":"category","embeddable":true,"href":"https:\/\/www.sudoestehoje.com.br\/novoportal\/wp-json\/wp\/v2\/categories?post=111624"},{"taxonomy":"post_tag","embeddable":true,"href":"https:\/\/www.sudoestehoje.com.br\/novoportal\/wp-json\/wp\/v2\/tags?post=111624"}],"curies":[{"name":"wp","href":"https:\/\/api.w.org\/{rel}","templated":true}]}}