
{"id":111609,"date":"2023-07-26T17:34:34","date_gmt":"2023-07-26T20:34:34","guid":{"rendered":"https:\/\/www.sudoestehoje.com.br\/novoportal\/?p=111609"},"modified":"2023-07-26T17:39:49","modified_gmt":"2023-07-26T20:39:49","slug":"menor-suspeito-de-matar-esposa-cigana-e-apreendido-no-espirito-santo","status":"publish","type":"post","link":"https:\/\/www.sudoestehoje.com.br\/novoportal\/2023\/07\/26\/menor-suspeito-de-matar-esposa-cigana-e-apreendido-no-espirito-santo\/","title":{"rendered":"MENOR SUSPEITO DE MATAR ESPOSA CIGANA \u00c9 APREENDIDO NO ESP\u00cdRITO SANTO"},"content":{"rendered":"<p><img loading=\"lazy\" decoding=\"async\" class=\"alignnone size-full wp-image-111341\" src=\"https:\/\/www.sudoestehoje.com.br\/novoportal\/wp-content\/uploads\/2023\/07\/BANNER-LINEUP-550x100-2.gif\" alt=\"\" width=\"550\" height=\"100\" \/><\/p>\n<p><img loading=\"lazy\" decoding=\"async\" class=\"alignnone wp-image-111610\" src=\"https:\/\/www.sudoestehoje.com.br\/novoportal\/wp-content\/uploads\/2023\/07\/IMG_7969-565x424-1.jpeg\" alt=\"\" width=\"550\" height=\"413\" \/><\/p>\n<p><strong>A Pol\u00edcia Federal realizou a apreens\u00e3o do menor apontado como autor do disparo que matou Hyara Alves, de 14 anos. De acordo com a advogada da fam\u00edlia de Hyara, Jana\u00edna Panhossi, a apreens\u00e3o aconteceu hoje, no Esp\u00edrito Santo. O menor estava acompanhado de seu pai e m\u00e3e.<\/strong><\/p>\n<p><strong>Em entrevista exclusiva \u00e0\u00a0Salvador FM, Jana\u00edna afirmou que o menor ser\u00e1 levado \u00e0 cidade de Vila Velha.<\/strong><\/p>\n<p><strong>No \u00faltimo dia 17, a juiza Silvana Fleury Curado, da 1\u00aa Vara Criminal de Guaratinga, determinou a busca e apreens\u00e3o do jovem de 14 anos apontado como suspeito da morte de Hyara Flor Alves, tamb\u00e9m de 14 anos, na cidade baiana de Guaratinga. O caso ganhou repercuss\u00e3o nas redes sociais. Os dois eram casados e ambos de origem cigana.<\/strong><\/p>\n<p><strong>A magistrada aponta na decis\u00e3o que \u201cexistem ind\u00edcios suficientes de autoria, visto que as provas coligadas nos autos indicam, com certa dose de seguran\u00e7a, que o adolescente contra o qual se dirige o pleito de interna\u00e7\u00e3o provis\u00f3ria, investiu contra a vida de Hyara\u201d.<\/strong><\/p>\n","protected":false},"excerpt":{"rendered":"<p>A Pol\u00edcia Federal realizou a apreens\u00e3o do menor apontado como autor do disparo que matou Hyara Alves, de 14 anos. De acordo com a advogada da fam\u00edlia de Hyara, Jana\u00edna Panhossi, a apreens\u00e3o aconteceu hoje, no Esp\u00edrito Santo. O menor estava acompanhado de seu pai e m\u00e3e. Em entrevista exclusiva \u00e0\u00a0Salvador FM, Jana\u00edna afirmou que [&hellip;]<\/p>\n","protected":false},"author":2,"featured_media":111610,"comment_status":"closed","ping_status":"open","sticky":false,"template":"","format":"standard","meta":{"footnotes":"","_links_to":"","_links_to_target":""},"categories":[1],"tags":[],"class_list":["post-111609","post","type-post","status-publish","format-standard","has-post-thumbnail","hentry","category-geral"],"views":1349,"_links":{"self":[{"href":"https:\/\/www.sudoestehoje.com.br\/novoportal\/wp-json\/wp\/v2\/posts\/111609","targetHints":{"allow":["GET"]}}],"collection":[{"href":"https:\/\/www.sudoestehoje.com.br\/novoportal\/wp-json\/wp\/v2\/posts"}],"about":[{"href":"https:\/\/www.sudoestehoje.com.br\/novoportal\/wp-json\/wp\/v2\/types\/post"}],"author":[{"embeddable":true,"href":"https:\/\/www.sudoestehoje.com.br\/novoportal\/wp-json\/wp\/v2\/users\/2"}],"replies":[{"embeddable":true,"href":"https:\/\/www.sudoestehoje.com.br\/novoportal\/wp-json\/wp\/v2\/comments?post=111609"}],"version-history":[{"count":2,"href":"https:\/\/www.sudoestehoje.com.br\/novoportal\/wp-json\/wp\/v2\/posts\/111609\/revisions"}],"predecessor-version":[{"id":111612,"href":"https:\/\/www.sudoestehoje.com.br\/novoportal\/wp-json\/wp\/v2\/posts\/111609\/revisions\/111612"}],"wp:featuredmedia":[{"embeddable":true,"href":"https:\/\/www.sudoestehoje.com.br\/novoportal\/wp-json\/wp\/v2\/media\/111610"}],"wp:attachment":[{"href":"https:\/\/www.sudoestehoje.com.br\/novoportal\/wp-json\/wp\/v2\/media?parent=111609"}],"wp:term":[{"taxonomy":"category","embeddable":true,"href":"https:\/\/www.sudoestehoje.com.br\/novoportal\/wp-json\/wp\/v2\/categories?post=111609"},{"taxonomy":"post_tag","embeddable":true,"href":"https:\/\/www.sudoestehoje.com.br\/novoportal\/wp-json\/wp\/v2\/tags?post=111609"}],"curies":[{"name":"wp","href":"https:\/\/api.w.org\/{rel}","templated":true}]}}