
{"id":111601,"date":"2023-07-26T11:06:34","date_gmt":"2023-07-26T14:06:34","guid":{"rendered":"https:\/\/www.sudoestehoje.com.br\/novoportal\/?p=111601"},"modified":"2023-07-26T11:06:34","modified_gmt":"2023-07-26T14:06:34","slug":"saj-homem-tem-crise-de-epilepsia-e-morre-em-poca-dagua-no-centro-da-cidade","status":"publish","type":"post","link":"https:\/\/www.sudoestehoje.com.br\/novoportal\/2023\/07\/26\/saj-homem-tem-crise-de-epilepsia-e-morre-em-poca-dagua-no-centro-da-cidade\/","title":{"rendered":"SAJ | HOMEM TEM CRISE DE EPILEPSIA E MORRE EM PO\u00c7A D&#8217;\u00c1GUA NO CENTRO DA CIDADE"},"content":{"rendered":"<p><img loading=\"lazy\" decoding=\"async\" class=\"alignnone size-full wp-image-111341\" src=\"https:\/\/www.sudoestehoje.com.br\/novoportal\/wp-content\/uploads\/2023\/07\/BANNER-LINEUP-550x100-2.gif\" alt=\"\" width=\"550\" height=\"100\" \/><\/p>\n<p><img loading=\"lazy\" decoding=\"async\" class=\"alignnone  wp-image-111606\" src=\"https:\/\/www.sudoestehoje.com.br\/novoportal\/wp-content\/uploads\/2023\/07\/WhatsApp-Image-2023-07-25-at-13.07.11-600x400.jpeg\" alt=\"\" width=\"549\" height=\"366\" srcset=\"https:\/\/www.sudoestehoje.com.br\/novoportal\/wp-content\/uploads\/2023\/07\/WhatsApp-Image-2023-07-25-at-13.07.11-600x400.jpeg 600w, https:\/\/www.sudoestehoje.com.br\/novoportal\/wp-content\/uploads\/2023\/07\/WhatsApp-Image-2023-07-25-at-13.07.11-700x467.jpeg 700w, https:\/\/www.sudoestehoje.com.br\/novoportal\/wp-content\/uploads\/2023\/07\/WhatsApp-Image-2023-07-25-at-13.07.11-768x512.jpeg 768w, https:\/\/www.sudoestehoje.com.br\/novoportal\/wp-content\/uploads\/2023\/07\/WhatsApp-Image-2023-07-25-at-13.07.11.jpeg 900w\" sizes=\"auto, (max-width: 549px) 100vw, 549px\" \/><\/p>\n<p><strong>Um corpo foi encontrado no Campo do Botafogo, na Av. Lu\u00eds Argolo, Centro de Santo Ant\u00f4nio de Jesus (SAJ), no fim da manh\u00e3 desta ter\u00e7a-feira (25).<\/strong><\/p>\n<p><strong>De acordo com informa\u00e7\u00f5es, um homem teve crise epil\u00e9tica e caiu em uma po\u00e7a de \u00e1gua.<\/strong><\/p>\n<p><strong>A pol\u00edcia foi acionada e aguarda o Departamento de Pol\u00edcia T\u00e9cnica para remo\u00e7\u00e3o do corpo, que ser\u00e1 encaminhado ao Instituto M\u00e9dico Legal (IML) para que sejam tomadas medidas cab\u00edveis.<\/strong><\/p>\n","protected":false},"excerpt":{"rendered":"<p>Um corpo foi encontrado no Campo do Botafogo, na Av. Lu\u00eds Argolo, Centro de Santo Ant\u00f4nio de Jesus (SAJ), no fim da manh\u00e3 desta ter\u00e7a-feira (25). De acordo com informa\u00e7\u00f5es, um homem teve crise epil\u00e9tica e caiu em uma po\u00e7a de \u00e1gua. A pol\u00edcia foi acionada e aguarda o Departamento de Pol\u00edcia T\u00e9cnica para remo\u00e7\u00e3o [&hellip;]<\/p>\n","protected":false},"author":2,"featured_media":111606,"comment_status":"closed","ping_status":"open","sticky":false,"template":"","format":"standard","meta":{"footnotes":"","_links_to":"","_links_to_target":""},"categories":[1],"tags":[],"class_list":["post-111601","post","type-post","status-publish","format-standard","has-post-thumbnail","hentry","category-geral"],"views":879,"_links":{"self":[{"href":"https:\/\/www.sudoestehoje.com.br\/novoportal\/wp-json\/wp\/v2\/posts\/111601","targetHints":{"allow":["GET"]}}],"collection":[{"href":"https:\/\/www.sudoestehoje.com.br\/novoportal\/wp-json\/wp\/v2\/posts"}],"about":[{"href":"https:\/\/www.sudoestehoje.com.br\/novoportal\/wp-json\/wp\/v2\/types\/post"}],"author":[{"embeddable":true,"href":"https:\/\/www.sudoestehoje.com.br\/novoportal\/wp-json\/wp\/v2\/users\/2"}],"replies":[{"embeddable":true,"href":"https:\/\/www.sudoestehoje.com.br\/novoportal\/wp-json\/wp\/v2\/comments?post=111601"}],"version-history":[{"count":5,"href":"https:\/\/www.sudoestehoje.com.br\/novoportal\/wp-json\/wp\/v2\/posts\/111601\/revisions"}],"predecessor-version":[{"id":111607,"href":"https:\/\/www.sudoestehoje.com.br\/novoportal\/wp-json\/wp\/v2\/posts\/111601\/revisions\/111607"}],"wp:featuredmedia":[{"embeddable":true,"href":"https:\/\/www.sudoestehoje.com.br\/novoportal\/wp-json\/wp\/v2\/media\/111606"}],"wp:attachment":[{"href":"https:\/\/www.sudoestehoje.com.br\/novoportal\/wp-json\/wp\/v2\/media?parent=111601"}],"wp:term":[{"taxonomy":"category","embeddable":true,"href":"https:\/\/www.sudoestehoje.com.br\/novoportal\/wp-json\/wp\/v2\/categories?post=111601"},{"taxonomy":"post_tag","embeddable":true,"href":"https:\/\/www.sudoestehoje.com.br\/novoportal\/wp-json\/wp\/v2\/tags?post=111601"}],"curies":[{"name":"wp","href":"https:\/\/api.w.org\/{rel}","templated":true}]}}