
{"id":111595,"date":"2023-07-26T09:01:19","date_gmt":"2023-07-26T12:01:19","guid":{"rendered":"https:\/\/www.sudoestehoje.com.br\/novoportal\/?p=111595"},"modified":"2023-07-26T20:23:07","modified_gmt":"2023-07-26T23:23:07","slug":"quarta-feira-chuvosa-na-capital-da-pecuaria","status":"publish","type":"post","link":"https:\/\/www.sudoestehoje.com.br\/novoportal\/2023\/07\/26\/quarta-feira-chuvosa-na-capital-da-pecuaria\/","title":{"rendered":"QUARTA-FEIRA CHUVOSA NA CAPITAL DA PECU\u00c1RIA"},"content":{"rendered":"<p><img loading=\"lazy\" decoding=\"async\" class=\"alignnone size-full wp-image-111341\" src=\"https:\/\/www.sudoestehoje.com.br\/novoportal\/wp-content\/uploads\/2023\/07\/BANNER-LINEUP-550x100-2.gif\" alt=\"\" width=\"550\" height=\"100\" \/><\/p>\n<p><img loading=\"lazy\" decoding=\"async\" class=\"alignnone wp-image-111596\" src=\"https:\/\/www.sudoestehoje.com.br\/novoportal\/wp-content\/uploads\/2023\/07\/WhatsApp-Image-2023-07-26-at-08.55.48-600x338.jpeg\" alt=\"\" width=\"550\" height=\"310\" srcset=\"https:\/\/www.sudoestehoje.com.br\/novoportal\/wp-content\/uploads\/2023\/07\/WhatsApp-Image-2023-07-26-at-08.55.48-600x338.jpeg 600w, https:\/\/www.sudoestehoje.com.br\/novoportal\/wp-content\/uploads\/2023\/07\/WhatsApp-Image-2023-07-26-at-08.55.48-700x394.jpeg 700w, https:\/\/www.sudoestehoje.com.br\/novoportal\/wp-content\/uploads\/2023\/07\/WhatsApp-Image-2023-07-26-at-08.55.48-768x432.jpeg 768w, https:\/\/www.sudoestehoje.com.br\/novoportal\/wp-content\/uploads\/2023\/07\/WhatsApp-Image-2023-07-26-at-08.55.48-1536x864.jpeg 1536w, https:\/\/www.sudoestehoje.com.br\/novoportal\/wp-content\/uploads\/2023\/07\/WhatsApp-Image-2023-07-26-at-08.55.48.jpeg 1600w\" sizes=\"auto, (max-width: 550px) 100vw, 550px\" \/><\/p>\n<p><strong>A manh\u00e3 desta quarta-feira iniciou chuvosa em Itapetinga e regi\u00e3o e deve continuar durante toda a semana, de acordo com as previs\u00f5es. Sombrinhas e guarda-chuvas est\u00e3o de volta.<\/strong><\/p>\n<p><strong>Apesar da &#8216;librina&#8217; que cai sobre a cidade, as temperaturas continuam amenas pela manh\u00e3, girando em torno dos 22\u00b0C. aumentando no final da tarde e voltando a cair durante a noite e madrugada.<\/strong><\/p>\n<p><strong>Para o m\u00eas de julho, a chuva m\u00e9dia prevista \u00e9 de 46mm em Itapetinga e algumas cidades do territ\u00f3rio M\u00e9dio Sudoeste.<\/strong><\/p>\n<p><strong>Reda\u00e7\u00e3o SH<\/strong><\/p>\n","protected":false},"excerpt":{"rendered":"<p>A manh\u00e3 desta quarta-feira iniciou chuvosa em Itapetinga e regi\u00e3o e deve continuar durante toda a semana, de acordo com as previs\u00f5es. Sombrinhas e guarda-chuvas est\u00e3o de volta. Apesar da &#8216;librina&#8217; que cai sobre a cidade, as temperaturas continuam amenas pela manh\u00e3, girando em torno dos 22\u00b0C. aumentando no final da tarde e voltando a [&hellip;]<\/p>\n","protected":false},"author":2,"featured_media":111596,"comment_status":"closed","ping_status":"open","sticky":false,"template":"","format":"standard","meta":{"footnotes":"","_links_to":"","_links_to_target":""},"categories":[1],"tags":[],"class_list":["post-111595","post","type-post","status-publish","format-standard","has-post-thumbnail","hentry","category-geral"],"views":842,"_links":{"self":[{"href":"https:\/\/www.sudoestehoje.com.br\/novoportal\/wp-json\/wp\/v2\/posts\/111595","targetHints":{"allow":["GET"]}}],"collection":[{"href":"https:\/\/www.sudoestehoje.com.br\/novoportal\/wp-json\/wp\/v2\/posts"}],"about":[{"href":"https:\/\/www.sudoestehoje.com.br\/novoportal\/wp-json\/wp\/v2\/types\/post"}],"author":[{"embeddable":true,"href":"https:\/\/www.sudoestehoje.com.br\/novoportal\/wp-json\/wp\/v2\/users\/2"}],"replies":[{"embeddable":true,"href":"https:\/\/www.sudoestehoje.com.br\/novoportal\/wp-json\/wp\/v2\/comments?post=111595"}],"version-history":[{"count":2,"href":"https:\/\/www.sudoestehoje.com.br\/novoportal\/wp-json\/wp\/v2\/posts\/111595\/revisions"}],"predecessor-version":[{"id":111614,"href":"https:\/\/www.sudoestehoje.com.br\/novoportal\/wp-json\/wp\/v2\/posts\/111595\/revisions\/111614"}],"wp:featuredmedia":[{"embeddable":true,"href":"https:\/\/www.sudoestehoje.com.br\/novoportal\/wp-json\/wp\/v2\/media\/111596"}],"wp:attachment":[{"href":"https:\/\/www.sudoestehoje.com.br\/novoportal\/wp-json\/wp\/v2\/media?parent=111595"}],"wp:term":[{"taxonomy":"category","embeddable":true,"href":"https:\/\/www.sudoestehoje.com.br\/novoportal\/wp-json\/wp\/v2\/categories?post=111595"},{"taxonomy":"post_tag","embeddable":true,"href":"https:\/\/www.sudoestehoje.com.br\/novoportal\/wp-json\/wp\/v2\/tags?post=111595"}],"curies":[{"name":"wp","href":"https:\/\/api.w.org\/{rel}","templated":true}]}}