
{"id":111579,"date":"2023-07-25T11:07:24","date_gmt":"2023-07-25T14:07:24","guid":{"rendered":"https:\/\/www.sudoestehoje.com.br\/novoportal\/?p=111579"},"modified":"2023-07-25T11:07:24","modified_gmt":"2023-07-25T14:07:24","slug":"coopardo-comemora-aniversario-de-100-anos-do-cooperado-arlindo-andrade","status":"publish","type":"post","link":"https:\/\/www.sudoestehoje.com.br\/novoportal\/2023\/07\/25\/coopardo-comemora-aniversario-de-100-anos-do-cooperado-arlindo-andrade\/","title":{"rendered":"COOPARDO COMEMORA ANIVERS\u00c1RIO DE 100 ANOS DO COOPERADO ARLINDO ANDRADE"},"content":{"rendered":"<p><img loading=\"lazy\" decoding=\"async\" class=\"alignnone size-full wp-image-111341\" src=\"https:\/\/www.sudoestehoje.com.br\/novoportal\/wp-content\/uploads\/2023\/07\/BANNER-LINEUP-550x100-2.gif\" alt=\"\" width=\"550\" height=\"100\" \/><\/p>\n<p><img loading=\"lazy\" decoding=\"async\" class=\"alignnone  wp-image-111586\" src=\"https:\/\/www.sudoestehoje.com.br\/novoportal\/wp-content\/uploads\/2023\/07\/WhatsApp-Image-2023-07-25-at-10.05.39-3-600x450.jpeg\" alt=\"\" width=\"549\" height=\"412\" srcset=\"https:\/\/www.sudoestehoje.com.br\/novoportal\/wp-content\/uploads\/2023\/07\/WhatsApp-Image-2023-07-25-at-10.05.39-3-600x450.jpeg 600w, https:\/\/www.sudoestehoje.com.br\/novoportal\/wp-content\/uploads\/2023\/07\/WhatsApp-Image-2023-07-25-at-10.05.39-3-700x525.jpeg 700w, https:\/\/www.sudoestehoje.com.br\/novoportal\/wp-content\/uploads\/2023\/07\/WhatsApp-Image-2023-07-25-at-10.05.39-3-768x576.jpeg 768w, https:\/\/www.sudoestehoje.com.br\/novoportal\/wp-content\/uploads\/2023\/07\/WhatsApp-Image-2023-07-25-at-10.05.39-3-1536x1152.jpeg 1536w, https:\/\/www.sudoestehoje.com.br\/novoportal\/wp-content\/uploads\/2023\/07\/WhatsApp-Image-2023-07-25-at-10.05.39-3.jpeg 1600w\" sizes=\"auto, (max-width: 549px) 100vw, 549px\" \/><\/p>\n<p><strong>Na manh\u00e3 desta segunda-feira (24), diretores, funcion\u00e1rios e produtores rurais de Itapetinga comemoraram o anivers\u00e1rio de 100 anos do pecuarista e comerciante Arlindo Andrade, um dos seus mais antigos cooperados ainda em vida.<\/strong><\/p>\n<p><strong>A comemora\u00e7\u00e3o aconteceu na Sala do Produtor que leva o nome do homenageado, localizada na pr\u00f3pria sede da Coopardo, atrav\u00e9s de um movimentado caf\u00e9 da manh\u00e3 que contou com a presen\u00e7a de amigos e familiares de &#8216;seu&#8217; Arlindo, figura querida pela comunidade itapetinguense.<\/strong><\/p>\n<p><img loading=\"lazy\" decoding=\"async\" class=\"alignnone  wp-image-111581\" src=\"https:\/\/www.sudoestehoje.com.br\/novoportal\/wp-content\/uploads\/2023\/07\/WhatsApp-Image-2023-07-25-at-10.05.37-600x450.jpeg\" alt=\"\" width=\"551\" height=\"413\" srcset=\"https:\/\/www.sudoestehoje.com.br\/novoportal\/wp-content\/uploads\/2023\/07\/WhatsApp-Image-2023-07-25-at-10.05.37-600x450.jpeg 600w, https:\/\/www.sudoestehoje.com.br\/novoportal\/wp-content\/uploads\/2023\/07\/WhatsApp-Image-2023-07-25-at-10.05.37-700x525.jpeg 700w, https:\/\/www.sudoestehoje.com.br\/novoportal\/wp-content\/uploads\/2023\/07\/WhatsApp-Image-2023-07-25-at-10.05.37-768x576.jpeg 768w, https:\/\/www.sudoestehoje.com.br\/novoportal\/wp-content\/uploads\/2023\/07\/WhatsApp-Image-2023-07-25-at-10.05.37-1536x1152.jpeg 1536w, https:\/\/www.sudoestehoje.com.br\/novoportal\/wp-content\/uploads\/2023\/07\/WhatsApp-Image-2023-07-25-at-10.05.37.jpeg 1600w\" sizes=\"auto, (max-width: 551px) 100vw, 551px\" \/><\/p>\n<p><strong>Representando a diretoria da cooperativa, Alex Coelho falou da import\u00e2ncia de Arlindo Andrade na funda\u00e7\u00e3o e consolida\u00e7\u00e3o da Coopardo, hoje uma das maiores cooperativas de produtores rurais do estado da Bahia.<\/strong><\/p>\n\n\t\t<style type=\"text\/css\">\n\t\t\t#gallery-1 {\n\t\t\t\tmargin: auto;\n\t\t\t}\n\t\t\t#gallery-1 .gallery-item {\n\t\t\t\tfloat: left;\n\t\t\t\tmargin-top: 10px;\n\t\t\t\ttext-align: center;\n\t\t\t\twidth: 33%;\n\t\t\t}\n\t\t\t#gallery-1 img {\n\t\t\t\tborder: 2px solid #cfcfcf;\n\t\t\t}\n\t\t\t#gallery-1 .gallery-caption {\n\t\t\t\tmargin-left: 0;\n\t\t\t}\n\t\t\t\/* see gallery_shortcode() in wp-includes\/media.php *\/\n\t\t<\/style>\n\t\t<div id='gallery-1' class='gallery galleryid-111579 gallery-columns-3 gallery-size-thumbnail'><dl class='gallery-item'>\n\t\t\t<dt class='gallery-icon landscape'>\n\t\t\t\t<a href='https:\/\/www.sudoestehoje.com.br\/novoportal\/2023\/07\/25\/coopardo-comemora-aniversario-de-100-anos-do-cooperado-arlindo-andrade\/whatsapp-image-2023-07-25-at-10-05-40-2\/'><img loading=\"lazy\" decoding=\"async\" width=\"150\" height=\"150\" src=\"https:\/\/www.sudoestehoje.com.br\/novoportal\/wp-content\/uploads\/2023\/07\/WhatsApp-Image-2023-07-25-at-10.05.40-2-150x150.jpeg\" class=\"attachment-thumbnail size-thumbnail\" alt=\"\" \/><\/a>\n\t\t\t<\/dt><\/dl><dl class='gallery-item'>\n\t\t\t<dt class='gallery-icon landscape'>\n\t\t\t\t<a href='https:\/\/www.sudoestehoje.com.br\/novoportal\/2023\/07\/25\/coopardo-comemora-aniversario-de-100-anos-do-cooperado-arlindo-andrade\/whatsapp-image-2023-07-25-at-10-05-40-1\/'><img loading=\"lazy\" decoding=\"async\" width=\"150\" height=\"150\" src=\"https:\/\/www.sudoestehoje.com.br\/novoportal\/wp-content\/uploads\/2023\/07\/WhatsApp-Image-2023-07-25-at-10.05.40-1-150x150.jpeg\" class=\"attachment-thumbnail size-thumbnail\" alt=\"\" \/><\/a>\n\t\t\t<\/dt><\/dl><dl class='gallery-item'>\n\t\t\t<dt class='gallery-icon portrait'>\n\t\t\t\t<a href='https:\/\/www.sudoestehoje.com.br\/novoportal\/2023\/07\/25\/coopardo-comemora-aniversario-de-100-anos-do-cooperado-arlindo-andrade\/whatsapp-image-2023-07-25-at-10-05-39\/'><img loading=\"lazy\" decoding=\"async\" width=\"150\" height=\"150\" src=\"https:\/\/www.sudoestehoje.com.br\/novoportal\/wp-content\/uploads\/2023\/07\/WhatsApp-Image-2023-07-25-at-10.05.39-150x150.jpeg\" class=\"attachment-thumbnail size-thumbnail\" alt=\"\" \/><\/a>\n\t\t\t<\/dt><\/dl><br style=\"clear: both\" \/><dl class='gallery-item'>\n\t\t\t<dt class='gallery-icon landscape'>\n\t\t\t\t<a href='https:\/\/www.sudoestehoje.com.br\/novoportal\/2023\/07\/25\/coopardo-comemora-aniversario-de-100-anos-do-cooperado-arlindo-andrade\/whatsapp-image-2023-07-25-at-10-05-39-3\/'><img loading=\"lazy\" decoding=\"async\" width=\"150\" height=\"150\" src=\"https:\/\/www.sudoestehoje.com.br\/novoportal\/wp-content\/uploads\/2023\/07\/WhatsApp-Image-2023-07-25-at-10.05.39-3-150x150.jpeg\" class=\"attachment-thumbnail size-thumbnail\" alt=\"\" \/><\/a>\n\t\t\t<\/dt><\/dl><dl class='gallery-item'>\n\t\t\t<dt class='gallery-icon landscape'>\n\t\t\t\t<a href='https:\/\/www.sudoestehoje.com.br\/novoportal\/2023\/07\/25\/coopardo-comemora-aniversario-de-100-anos-do-cooperado-arlindo-andrade\/whatsapp-image-2023-07-25-at-10-05-38\/'><img loading=\"lazy\" decoding=\"async\" width=\"150\" height=\"150\" src=\"https:\/\/www.sudoestehoje.com.br\/novoportal\/wp-content\/uploads\/2023\/07\/WhatsApp-Image-2023-07-25-at-10.05.38-150x150.jpeg\" class=\"attachment-thumbnail size-thumbnail\" alt=\"\" \/><\/a>\n\t\t\t<\/dt><\/dl><dl class='gallery-item'>\n\t\t\t<dt class='gallery-icon landscape'>\n\t\t\t\t<a href='https:\/\/www.sudoestehoje.com.br\/novoportal\/2023\/07\/25\/coopardo-comemora-aniversario-de-100-anos-do-cooperado-arlindo-andrade\/whatsapp-image-2023-07-25-at-10-05-38-1\/'><img loading=\"lazy\" decoding=\"async\" width=\"150\" height=\"150\" src=\"https:\/\/www.sudoestehoje.com.br\/novoportal\/wp-content\/uploads\/2023\/07\/WhatsApp-Image-2023-07-25-at-10.05.38-1-150x150.jpeg\" class=\"attachment-thumbnail size-thumbnail\" alt=\"\" \/><\/a>\n\t\t\t<\/dt><\/dl><br style=\"clear: both\" \/>\n\t\t<\/div>\n\n<p><strong>Por Davi Ferraz\u00a0\u00a0<\/strong><\/p>\n","protected":false},"excerpt":{"rendered":"<p>Na manh\u00e3 desta segunda-feira (24), diretores, funcion\u00e1rios e produtores rurais de Itapetinga comemoraram o anivers\u00e1rio de 100 anos do pecuarista e comerciante Arlindo Andrade, um dos seus mais antigos cooperados ainda em vida. A comemora\u00e7\u00e3o aconteceu na Sala do Produtor que leva o nome do homenageado, localizada na pr\u00f3pria sede da Coopardo, atrav\u00e9s de um [&hellip;]<\/p>\n","protected":false},"author":2,"featured_media":111584,"comment_status":"closed","ping_status":"open","sticky":false,"template":"","format":"standard","meta":{"footnotes":"","_links_to":"","_links_to_target":""},"categories":[1],"tags":[],"class_list":["post-111579","post","type-post","status-publish","format-standard","has-post-thumbnail","hentry","category-geral"],"views":827,"_links":{"self":[{"href":"https:\/\/www.sudoestehoje.com.br\/novoportal\/wp-json\/wp\/v2\/posts\/111579","targetHints":{"allow":["GET"]}}],"collection":[{"href":"https:\/\/www.sudoestehoje.com.br\/novoportal\/wp-json\/wp\/v2\/posts"}],"about":[{"href":"https:\/\/www.sudoestehoje.com.br\/novoportal\/wp-json\/wp\/v2\/types\/post"}],"author":[{"embeddable":true,"href":"https:\/\/www.sudoestehoje.com.br\/novoportal\/wp-json\/wp\/v2\/users\/2"}],"replies":[{"embeddable":true,"href":"https:\/\/www.sudoestehoje.com.br\/novoportal\/wp-json\/wp\/v2\/comments?post=111579"}],"version-history":[{"count":3,"href":"https:\/\/www.sudoestehoje.com.br\/novoportal\/wp-json\/wp\/v2\/posts\/111579\/revisions"}],"predecessor-version":[{"id":111594,"href":"https:\/\/www.sudoestehoje.com.br\/novoportal\/wp-json\/wp\/v2\/posts\/111579\/revisions\/111594"}],"wp:featuredmedia":[{"embeddable":true,"href":"https:\/\/www.sudoestehoje.com.br\/novoportal\/wp-json\/wp\/v2\/media\/111584"}],"wp:attachment":[{"href":"https:\/\/www.sudoestehoje.com.br\/novoportal\/wp-json\/wp\/v2\/media?parent=111579"}],"wp:term":[{"taxonomy":"category","embeddable":true,"href":"https:\/\/www.sudoestehoje.com.br\/novoportal\/wp-json\/wp\/v2\/categories?post=111579"},{"taxonomy":"post_tag","embeddable":true,"href":"https:\/\/www.sudoestehoje.com.br\/novoportal\/wp-json\/wp\/v2\/tags?post=111579"}],"curies":[{"name":"wp","href":"https:\/\/api.w.org\/{rel}","templated":true}]}}