
{"id":111571,"date":"2023-07-25T09:58:27","date_gmt":"2023-07-25T12:58:27","guid":{"rendered":"https:\/\/www.sudoestehoje.com.br\/novoportal\/?p=111571"},"modified":"2023-07-25T09:58:27","modified_gmt":"2023-07-25T12:58:27","slug":"proposta-de-requalificacao-da-pista-do-derba-a-exposicao-com-ciclofaixa-e-encaminhada-a-seinfra-por-davi-ferraz","status":"publish","type":"post","link":"https:\/\/www.sudoestehoje.com.br\/novoportal\/2023\/07\/25\/proposta-de-requalificacao-da-pista-do-derba-a-exposicao-com-ciclofaixa-e-encaminhada-a-seinfra-por-davi-ferraz\/","title":{"rendered":"PROPOSTA DE REQUALIFICA\u00c7\u00c3O DA PISTA DO DERBA \u00c0 EXPOSI\u00c7\u00c3O COM CICLOFAIXA \u00c9 ENCAMINHADA \u00c0 SEINFRA POR DAVI FERRAZ"},"content":{"rendered":"<p><img loading=\"lazy\" decoding=\"async\" class=\"alignnone size-full wp-image-111341\" src=\"https:\/\/www.sudoestehoje.com.br\/novoportal\/wp-content\/uploads\/2023\/07\/BANNER-LINEUP-550x100-2.gif\" alt=\"\" width=\"550\" height=\"100\" \/><\/p>\n<p><img loading=\"lazy\" decoding=\"async\" class=\"alignnone  wp-image-111576\" src=\"https:\/\/www.sudoestehoje.com.br\/novoportal\/wp-content\/uploads\/2023\/07\/5e02b1ba-2847-469b-94f4-77d4698dbae6-600x335.jpg\" alt=\"\" width=\"550\" height=\"307\" srcset=\"https:\/\/www.sudoestehoje.com.br\/novoportal\/wp-content\/uploads\/2023\/07\/5e02b1ba-2847-469b-94f4-77d4698dbae6-600x335.jpg 600w, https:\/\/www.sudoestehoje.com.br\/novoportal\/wp-content\/uploads\/2023\/07\/5e02b1ba-2847-469b-94f4-77d4698dbae6-700x391.jpg 700w, https:\/\/www.sudoestehoje.com.br\/novoportal\/wp-content\/uploads\/2023\/07\/5e02b1ba-2847-469b-94f4-77d4698dbae6-768x429.jpg 768w, https:\/\/www.sudoestehoje.com.br\/novoportal\/wp-content\/uploads\/2023\/07\/5e02b1ba-2847-469b-94f4-77d4698dbae6.jpg 972w\" sizes=\"auto, (max-width: 550px) 100vw, 550px\" \/><\/p>\n<p><strong>Atrav\u00e9s de mensagem encaminhada \u00e0 SEINFRA<\/strong><strong>, o pr\u00e9-candidato a prefeito de Itapetinga, DAVI FERRAZ, solicitou a requalifica\u00e7\u00e3o da pista do acesso \u00e0 BA-263, localizado entre os trevos do antigo Derba e do loteamento Pedra Branca, nas proximidades do Parque de Exposi\u00e7\u00f5es Juvino Oliveira e o Atacadista Assa\u00ed.<\/strong><\/p>\n<p><strong>A proposta foi encaminhada ao engenheiro Emison da Seinfra, respons\u00e1vel pelos projetos e manuten\u00e7\u00e3o das rodovias estaduais na regi\u00e3o, com pedido de encaminhamento ao Secret\u00e1rio da Seinfra S\u00e9rgio Brito, para an\u00e1lise da sua viabilidade e posterior execu\u00e7\u00e3o.\u00a0<\/strong><\/p>\n<p><strong><em>&#8220;De todos os acessos da BA-263 em Itapetinga, o que passa pela exposi\u00e7\u00e3o est\u00e1 em piores condi\u00e7\u00f5es, apesar de ser um dos mais movimentados. No governo passado, foi feito um recapeamento da pista, mas a buraqueira j\u00e1 voltou e a pista est\u00e1 toda esburacada, sem falar da falta de acostamento para uso de pedestres e ciclistas&#8221;<\/em>, destacou Davi.\u00a0<\/strong><\/p>\n<p><strong><em>&#8220;Al\u00e9m de ser a sa\u00edda para Vit\u00f3ria da Conquista, a pista tamb\u00e9m liga o centro da cidade aos bairros Morumbi, Residencial Jos\u00e9 Ivo, Am\u00e9rico Nogueira, Quintas do Morumbi, Recanto da Colina e Pedra Branca, sem falar do Aeroporto, Parque de Exposi\u00e7\u00f5es e Assa\u00ed&#8221;<\/em>, continuou.<\/strong><\/p>\n<p><strong><em>&#8220;A nossa proposta envolve a recupera\u00e7\u00e3o de todo o per\u00edmetro, com pista para caminhada e ciclo faixa, com pavimenta\u00e7\u00e3o dos acessos aos bairros pela prefeitura, num trabalho conjunto com o Estado, que precisa atuar como parceiro do munic\u00edpio e n\u00e3o como seu concorrente pol\u00edtico&#8221;<\/em>, concluiu o pr\u00e9-candidato.<\/strong><\/p>\n<p><strong>Reda\u00e7\u00e3o SH<\/strong><\/p>\n","protected":false},"excerpt":{"rendered":"<p>Atrav\u00e9s de mensagem encaminhada \u00e0 SEINFRA, o pr\u00e9-candidato a prefeito de Itapetinga, DAVI FERRAZ, solicitou a requalifica\u00e7\u00e3o da pista do acesso \u00e0 BA-263, localizado entre os trevos do antigo Derba e do loteamento Pedra Branca, nas proximidades do Parque de Exposi\u00e7\u00f5es Juvino Oliveira e o Atacadista Assa\u00ed. A proposta foi encaminhada ao engenheiro Emison da [&hellip;]<\/p>\n","protected":false},"author":2,"featured_media":111576,"comment_status":"closed","ping_status":"open","sticky":false,"template":"","format":"standard","meta":{"footnotes":"","_links_to":"","_links_to_target":""},"categories":[1],"tags":[],"class_list":["post-111571","post","type-post","status-publish","format-standard","has-post-thumbnail","hentry","category-geral"],"views":1868,"_links":{"self":[{"href":"https:\/\/www.sudoestehoje.com.br\/novoportal\/wp-json\/wp\/v2\/posts\/111571","targetHints":{"allow":["GET"]}}],"collection":[{"href":"https:\/\/www.sudoestehoje.com.br\/novoportal\/wp-json\/wp\/v2\/posts"}],"about":[{"href":"https:\/\/www.sudoestehoje.com.br\/novoportal\/wp-json\/wp\/v2\/types\/post"}],"author":[{"embeddable":true,"href":"https:\/\/www.sudoestehoje.com.br\/novoportal\/wp-json\/wp\/v2\/users\/2"}],"replies":[{"embeddable":true,"href":"https:\/\/www.sudoestehoje.com.br\/novoportal\/wp-json\/wp\/v2\/comments?post=111571"}],"version-history":[{"count":6,"href":"https:\/\/www.sudoestehoje.com.br\/novoportal\/wp-json\/wp\/v2\/posts\/111571\/revisions"}],"predecessor-version":[{"id":111578,"href":"https:\/\/www.sudoestehoje.com.br\/novoportal\/wp-json\/wp\/v2\/posts\/111571\/revisions\/111578"}],"wp:featuredmedia":[{"embeddable":true,"href":"https:\/\/www.sudoestehoje.com.br\/novoportal\/wp-json\/wp\/v2\/media\/111576"}],"wp:attachment":[{"href":"https:\/\/www.sudoestehoje.com.br\/novoportal\/wp-json\/wp\/v2\/media?parent=111571"}],"wp:term":[{"taxonomy":"category","embeddable":true,"href":"https:\/\/www.sudoestehoje.com.br\/novoportal\/wp-json\/wp\/v2\/categories?post=111571"},{"taxonomy":"post_tag","embeddable":true,"href":"https:\/\/www.sudoestehoje.com.br\/novoportal\/wp-json\/wp\/v2\/tags?post=111571"}],"curies":[{"name":"wp","href":"https:\/\/api.w.org\/{rel}","templated":true}]}}