
{"id":111556,"date":"2023-07-22T22:43:50","date_gmt":"2023-07-23T01:43:50","guid":{"rendered":"https:\/\/www.sudoestehoje.com.br\/novoportal\/?p=111556"},"modified":"2023-07-22T22:45:10","modified_gmt":"2023-07-23T01:45:10","slug":"vereador-da-bahia-e-procurado-por-suspeita-de-integrar-organizacao-criminosa","status":"publish","type":"post","link":"https:\/\/www.sudoestehoje.com.br\/novoportal\/2023\/07\/22\/vereador-da-bahia-e-procurado-por-suspeita-de-integrar-organizacao-criminosa\/","title":{"rendered":"VEREADOR DA BAHIA \u00c9 PROCURADO POR SUSPEITA DE INTEGRAR ORGANIZA\u00c7\u00c3O CRIMINOSA"},"content":{"rendered":"<div id=\"chunk-b22t0\">\n<div class=\"mc-column content-text active-extra-styles \" data-block-type=\"unstyled\" data-block-weight=\"65\" data-block-id=\"3\">\n<p data-track-category=\"Link no Texto\" data-track-links=\"\"><img loading=\"lazy\" decoding=\"async\" class=\"alignnone size-full wp-image-111341\" src=\"https:\/\/www.sudoestehoje.com.br\/novoportal\/wp-content\/uploads\/2023\/07\/BANNER-LINEUP-550x100-2.gif\" alt=\"\" width=\"550\" height=\"100\" \/><\/p>\n<p data-track-category=\"Link no Texto\" data-track-links=\"\"><img loading=\"lazy\" decoding=\"async\" class=\"alignnone wp-image-111559\" src=\"https:\/\/www.sudoestehoje.com.br\/novoportal\/wp-content\/uploads\/2023\/07\/VEREADOR-JUAZEIRO-600x376.webp\" alt=\"\" width=\"549\" height=\"344\" srcset=\"https:\/\/www.sudoestehoje.com.br\/novoportal\/wp-content\/uploads\/2023\/07\/VEREADOR-JUAZEIRO-600x376.webp 600w, https:\/\/www.sudoestehoje.com.br\/novoportal\/wp-content\/uploads\/2023\/07\/VEREADOR-JUAZEIRO-700x439.webp 700w, https:\/\/www.sudoestehoje.com.br\/novoportal\/wp-content\/uploads\/2023\/07\/VEREADOR-JUAZEIRO-768x482.webp 768w, https:\/\/www.sudoestehoje.com.br\/novoportal\/wp-content\/uploads\/2023\/07\/VEREADOR-JUAZEIRO.webp 984w\" sizes=\"auto, (max-width: 549px) 100vw, 549px\" \/><\/p>\n<p class=\"content-text__container \" data-track-category=\"Link no Texto\" data-track-links=\"\"><strong>O vereador Amadeus dos Santos Silva, da cidade de\u00a0Juazeiro, no norte da Bahia, \u00e9 procurado pela Pol\u00edcia Federal por suspeita de integrar uma organiza\u00e7\u00e3o criminosa. De acordo com o Minist\u00e9rio P\u00fablico do estado (MP-BA),\u00a0<span class=\"highlight highlighted\">o pol\u00edtico \u00e9 suspeito de movimentar cerca de R$ 400 mil<\/span>, com a finalidade de &#8220;ocultar e dar apar\u00eancia de licitude a valores advindos da atividade il\u00edcita do grupo criminoso&#8221;.<\/strong><\/p>\n<\/div>\n<\/div>\n<div class=\"wall protected-content\">\n<div id=\"chunk-49c76\">\n<div class=\"mc-column content-text active-extra-styles \" data-block-type=\"unstyled\" data-block-weight=\"30\" data-block-id=\"4\">\n<p class=\"content-text__container \" data-track-category=\"Link no Texto\" data-track-links=\"\"><strong>Por meio de nota, a defesa do vereador disse que n\u00e3o teve acesso aos autos e afirmou que Amadeus dos Santos \u00e9 inocente, e que jamais participou de organiza\u00e7\u00e3o criminosa.<\/strong><\/p>\n<\/div>\n<\/div>\n<div id=\"chunk-91mc7\">\n<div class=\"mc-column content-text active-extra-styles \" data-block-type=\"unstyled\" data-block-weight=\"38\" data-block-id=\"5\">\n<p class=\"content-text__container \" data-track-category=\"Link no Texto\" data-track-links=\"\"><strong>J\u00e1 a c\u00e2mara de vereadores de Juazeiro informou que os pol\u00edticos v\u00e3o se reunir na segunda-feira (24) com a diretoria legislativa, o departamento jur\u00eddico e a comiss\u00e3o de \u00e9tica para adotar as medidas previstas no regimento da Casa.<\/strong><\/p>\n<\/div>\n<\/div>\n<div id=\"chunk-b1d65\">\n<div class=\"content-ads content-ads--reveal\" data-block-type=\"ads\" data-block-id=\"6\">\n<div id=\"banner_materia2\" class=\"tag-manager-publicidade-container mc-has-reveal mc-has-ad-lazyload tag-manager-publicidade-banner_materia2 tag-manager-publicidade-container--carregado tag-manager-publicidade-container--visivel\" data-id=\"banner_materia2\" data-google-query-id=\"CKSn5bPYo4ADFbAxuQYd0W0M0A\"><strong>A a\u00e7\u00e3o faz parte da\u00a0<a class=\"\" href=\"https:\/\/g1.globo.com\/ba\/bahia\/noticia\/2023\/06\/20\/mandados-de-prisao-temporaria-e-busca-e-apreensao-sao-cumpridos-em-operacao-contra-trafico-de-drogas-na-ba-se-e-pe.ghtml\">Opera\u00e7\u00e3o Astreia<\/a>\u00a0e conta com apoio do Grupo de Atua\u00e7\u00e3o Especial de Combate \u00e0s Organiza\u00e7\u00f5es Criminosas e Investiga\u00e7\u00f5es Criminais (Gaeco), do MP-BA.<\/strong><\/div>\n<\/div>\n<\/div>\n<\/div>\n","protected":false},"excerpt":{"rendered":"<p>O vereador Amadeus dos Santos Silva, da cidade de\u00a0Juazeiro, no norte da Bahia, \u00e9 procurado pela Pol\u00edcia Federal por suspeita de integrar uma organiza\u00e7\u00e3o criminosa. De acordo com o Minist\u00e9rio P\u00fablico do estado (MP-BA),\u00a0o pol\u00edtico \u00e9 suspeito de movimentar cerca de R$ 400 mil, com a finalidade de &#8220;ocultar e dar apar\u00eancia de licitude a [&hellip;]<\/p>\n","protected":false},"author":2,"featured_media":111559,"comment_status":"closed","ping_status":"open","sticky":false,"template":"","format":"standard","meta":{"footnotes":"","_links_to":"","_links_to_target":""},"categories":[1],"tags":[],"class_list":["post-111556","post","type-post","status-publish","format-standard","has-post-thumbnail","hentry","category-geral"],"views":949,"_links":{"self":[{"href":"https:\/\/www.sudoestehoje.com.br\/novoportal\/wp-json\/wp\/v2\/posts\/111556","targetHints":{"allow":["GET"]}}],"collection":[{"href":"https:\/\/www.sudoestehoje.com.br\/novoportal\/wp-json\/wp\/v2\/posts"}],"about":[{"href":"https:\/\/www.sudoestehoje.com.br\/novoportal\/wp-json\/wp\/v2\/types\/post"}],"author":[{"embeddable":true,"href":"https:\/\/www.sudoestehoje.com.br\/novoportal\/wp-json\/wp\/v2\/users\/2"}],"replies":[{"embeddable":true,"href":"https:\/\/www.sudoestehoje.com.br\/novoportal\/wp-json\/wp\/v2\/comments?post=111556"}],"version-history":[{"count":3,"href":"https:\/\/www.sudoestehoje.com.br\/novoportal\/wp-json\/wp\/v2\/posts\/111556\/revisions"}],"predecessor-version":[{"id":111560,"href":"https:\/\/www.sudoestehoje.com.br\/novoportal\/wp-json\/wp\/v2\/posts\/111556\/revisions\/111560"}],"wp:featuredmedia":[{"embeddable":true,"href":"https:\/\/www.sudoestehoje.com.br\/novoportal\/wp-json\/wp\/v2\/media\/111559"}],"wp:attachment":[{"href":"https:\/\/www.sudoestehoje.com.br\/novoportal\/wp-json\/wp\/v2\/media?parent=111556"}],"wp:term":[{"taxonomy":"category","embeddable":true,"href":"https:\/\/www.sudoestehoje.com.br\/novoportal\/wp-json\/wp\/v2\/categories?post=111556"},{"taxonomy":"post_tag","embeddable":true,"href":"https:\/\/www.sudoestehoje.com.br\/novoportal\/wp-json\/wp\/v2\/tags?post=111556"}],"curies":[{"name":"wp","href":"https:\/\/api.w.org\/{rel}","templated":true}]}}