
{"id":111552,"date":"2023-07-22T22:28:00","date_gmt":"2023-07-23T01:28:00","guid":{"rendered":"https:\/\/www.sudoestehoje.com.br\/novoportal\/?p=111552"},"modified":"2023-07-22T22:28:00","modified_gmt":"2023-07-23T01:28:00","slug":"bahia-decreta-estado-de-emergencia-por-causa-da-gripe-aviaria","status":"publish","type":"post","link":"https:\/\/www.sudoestehoje.com.br\/novoportal\/2023\/07\/22\/bahia-decreta-estado-de-emergencia-por-causa-da-gripe-aviaria\/","title":{"rendered":"BAHIA DECRETA ESTADO DE EMERG\u00caNCIA POR CAUSA DA GRIPE AVI\u00c1RIA"},"content":{"rendered":"<p><img loading=\"lazy\" decoding=\"async\" class=\"alignnone size-full wp-image-111341\" src=\"https:\/\/www.sudoestehoje.com.br\/novoportal\/wp-content\/uploads\/2023\/07\/BANNER-LINEUP-550x100-2.gif\" alt=\"\" width=\"550\" height=\"100\" \/><\/p>\n<p><img loading=\"lazy\" decoding=\"async\" class=\"alignnone  wp-image-111553\" src=\"https:\/\/www.sudoestehoje.com.br\/novoportal\/wp-content\/uploads\/2023\/07\/bbc2_64ba7133a83fb-600x338.jpg\" alt=\"\" width=\"550\" height=\"310\" srcset=\"https:\/\/www.sudoestehoje.com.br\/novoportal\/wp-content\/uploads\/2023\/07\/bbc2_64ba7133a83fb-600x338.jpg 600w, https:\/\/www.sudoestehoje.com.br\/novoportal\/wp-content\/uploads\/2023\/07\/bbc2_64ba7133a83fb-700x394.jpg 700w, https:\/\/www.sudoestehoje.com.br\/novoportal\/wp-content\/uploads\/2023\/07\/bbc2_64ba7133a83fb-768x432.jpg 768w, https:\/\/www.sudoestehoje.com.br\/novoportal\/wp-content\/uploads\/2023\/07\/bbc2_64ba7133a83fb.jpg 984w\" sizes=\"auto, (max-width: 550px) 100vw, 550px\" \/><\/p>\n<p><strong>O governo da Bahia decretou neste s\u00e1bado (22) estado de emerg\u00eancia zoossanit\u00e1ria em todo o territ\u00f3rio por causa da gripe avi\u00e1ria H5N1. A decis\u00e3o foi publicada no Di\u00e1rio Oficial do Estado. <\/strong><\/p>\n<p><strong>Em comunicado, o governo baiano afirmou que a medida \u00e9 um acordo com Minist\u00e9rio da Agricultura e os 26 governadores dos Estados brasileiros, al\u00e9m do Distrito Federal.\u00a0O objetivo \u00e9 \u201ccontrolar a transmiss\u00e3o sanit\u00e1ria [da H5N1] que ocorre no pa\u00eds\u201d.<\/strong><\/p>\n<p><strong>Segundo o governo da Bahia, a 1\u00aa contamina\u00e7\u00e3o no Estado foi notificada em 17 de junho. At\u00e9 a \u00faltima atualiza\u00e7\u00e3o, houve 4 casos de infec\u00e7\u00e3o de aves nas cidades de Caravelas, Alcoba\u00e7a, Prado e Porto Seguro.<\/strong><\/p>\n<p><strong>O decreto tem validade de 180 dias.<\/strong><\/p>\n","protected":false},"excerpt":{"rendered":"<p>O governo da Bahia decretou neste s\u00e1bado (22) estado de emerg\u00eancia zoossanit\u00e1ria em todo o territ\u00f3rio por causa da gripe avi\u00e1ria H5N1. A decis\u00e3o foi publicada no Di\u00e1rio Oficial do Estado. Em comunicado, o governo baiano afirmou que a medida \u00e9 um acordo com Minist\u00e9rio da Agricultura e os 26 governadores dos Estados brasileiros, al\u00e9m [&hellip;]<\/p>\n","protected":false},"author":2,"featured_media":111553,"comment_status":"closed","ping_status":"open","sticky":false,"template":"","format":"standard","meta":{"footnotes":"","_links_to":"","_links_to_target":""},"categories":[1],"tags":[],"class_list":["post-111552","post","type-post","status-publish","format-standard","has-post-thumbnail","hentry","category-geral"],"views":812,"_links":{"self":[{"href":"https:\/\/www.sudoestehoje.com.br\/novoportal\/wp-json\/wp\/v2\/posts\/111552","targetHints":{"allow":["GET"]}}],"collection":[{"href":"https:\/\/www.sudoestehoje.com.br\/novoportal\/wp-json\/wp\/v2\/posts"}],"about":[{"href":"https:\/\/www.sudoestehoje.com.br\/novoportal\/wp-json\/wp\/v2\/types\/post"}],"author":[{"embeddable":true,"href":"https:\/\/www.sudoestehoje.com.br\/novoportal\/wp-json\/wp\/v2\/users\/2"}],"replies":[{"embeddable":true,"href":"https:\/\/www.sudoestehoje.com.br\/novoportal\/wp-json\/wp\/v2\/comments?post=111552"}],"version-history":[{"count":2,"href":"https:\/\/www.sudoestehoje.com.br\/novoportal\/wp-json\/wp\/v2\/posts\/111552\/revisions"}],"predecessor-version":[{"id":111555,"href":"https:\/\/www.sudoestehoje.com.br\/novoportal\/wp-json\/wp\/v2\/posts\/111552\/revisions\/111555"}],"wp:featuredmedia":[{"embeddable":true,"href":"https:\/\/www.sudoestehoje.com.br\/novoportal\/wp-json\/wp\/v2\/media\/111553"}],"wp:attachment":[{"href":"https:\/\/www.sudoestehoje.com.br\/novoportal\/wp-json\/wp\/v2\/media?parent=111552"}],"wp:term":[{"taxonomy":"category","embeddable":true,"href":"https:\/\/www.sudoestehoje.com.br\/novoportal\/wp-json\/wp\/v2\/categories?post=111552"},{"taxonomy":"post_tag","embeddable":true,"href":"https:\/\/www.sudoestehoje.com.br\/novoportal\/wp-json\/wp\/v2\/tags?post=111552"}],"curies":[{"name":"wp","href":"https:\/\/api.w.org\/{rel}","templated":true}]}}