
{"id":111547,"date":"2023-07-21T22:12:26","date_gmt":"2023-07-22T01:12:26","guid":{"rendered":"https:\/\/www.sudoestehoje.com.br\/novoportal\/?p=111547"},"modified":"2023-07-21T22:13:56","modified_gmt":"2023-07-22T01:13:56","slug":"acusado-por-morte-de-cigana-continua-foragido-junto-com-familia-ha-15-dias","status":"publish","type":"post","link":"https:\/\/www.sudoestehoje.com.br\/novoportal\/2023\/07\/21\/acusado-por-morte-de-cigana-continua-foragido-junto-com-familia-ha-15-dias\/","title":{"rendered":"ACUSADO POR MORTE DE CIGANA CONTINUA FORAGIDO JUNTO COM FAM\u00cdLIA H\u00c1 15 DIAS"},"content":{"rendered":"<p><img loading=\"lazy\" decoding=\"async\" class=\"alignnone size-full wp-image-111341\" src=\"https:\/\/www.sudoestehoje.com.br\/novoportal\/wp-content\/uploads\/2023\/07\/BANNER-LINEUP-550x100-2.gif\" alt=\"\" width=\"550\" height=\"100\" \/><\/p>\n<p><img loading=\"lazy\" decoding=\"async\" class=\"alignnone wp-image-111548\" src=\"https:\/\/www.sudoestehoje.com.br\/novoportal\/wp-content\/uploads\/2023\/07\/cigana.jpg\" alt=\"\" width=\"551\" height=\"367\" \/><\/p>\n<p><strong>H\u00e1 15 dias, nesta sexta-feira (21), a pol\u00edcia ainda n\u00e3o possui informa\u00e7\u00f5es sobre o paradeiro do adolescente acusado de disparar e causar a morte de Hyara Flor Santos Alves, uma jovem de apenas 14 anos. O tr\u00e1gico crime aconteceu no dia 6 de julho, em Guaratinga, na Costa do Descobrimento. Ap\u00f3s o ocorrido, o jovem respons\u00e1vel pelo delito, seus pais e irm\u00e3os fugiram da cidade.<\/strong><\/p>\n<p><strong>A advogada Jana\u00edna Panhossi, representante da fam\u00edlia da v\u00edtima, informou \u00e0 imprensa\u00a0que n\u00e3o h\u00e1 novidades sobre o caso. A Pol\u00edcia Civil tamb\u00e9m n\u00e3o pode fornecer detalhes, pois o processo segue em sigilo de Justi\u00e7a.<\/strong><\/p>\n<p><strong>Segundo informa\u00e7\u00f5es do Bahia Not\u00edcias, nesta semana um mandado de busca e apreens\u00e3o foi emitido contra o menor. Em uma coletiva de imprensa, a delegada-geral-adjunta da Pol\u00edcia Civil da Bahia, Elaine Nogueira, fez um apelo para que os familiares do jovem foragido se apresentassem a uma delegacia. <\/strong><\/p>\n<p><strong>Cabe ressaltar que Hyara Flor e o adolescente que est\u00e1 foragido se casaram em maio passado, seguindo as tradi\u00e7\u00f5es ciganas.<\/strong><\/p>\n","protected":false},"excerpt":{"rendered":"<p>H\u00e1 15 dias, nesta sexta-feira (21), a pol\u00edcia ainda n\u00e3o possui informa\u00e7\u00f5es sobre o paradeiro do adolescente acusado de disparar e causar a morte de Hyara Flor Santos Alves, uma jovem de apenas 14 anos. O tr\u00e1gico crime aconteceu no dia 6 de julho, em Guaratinga, na Costa do Descobrimento. Ap\u00f3s o ocorrido, o jovem [&hellip;]<\/p>\n","protected":false},"author":2,"featured_media":111548,"comment_status":"closed","ping_status":"open","sticky":false,"template":"","format":"standard","meta":{"footnotes":"","_links_to":"","_links_to_target":""},"categories":[1],"tags":[],"class_list":["post-111547","post","type-post","status-publish","format-standard","has-post-thumbnail","hentry","category-geral"],"views":807,"_links":{"self":[{"href":"https:\/\/www.sudoestehoje.com.br\/novoportal\/wp-json\/wp\/v2\/posts\/111547","targetHints":{"allow":["GET"]}}],"collection":[{"href":"https:\/\/www.sudoestehoje.com.br\/novoportal\/wp-json\/wp\/v2\/posts"}],"about":[{"href":"https:\/\/www.sudoestehoje.com.br\/novoportal\/wp-json\/wp\/v2\/types\/post"}],"author":[{"embeddable":true,"href":"https:\/\/www.sudoestehoje.com.br\/novoportal\/wp-json\/wp\/v2\/users\/2"}],"replies":[{"embeddable":true,"href":"https:\/\/www.sudoestehoje.com.br\/novoportal\/wp-json\/wp\/v2\/comments?post=111547"}],"version-history":[{"count":2,"href":"https:\/\/www.sudoestehoje.com.br\/novoportal\/wp-json\/wp\/v2\/posts\/111547\/revisions"}],"predecessor-version":[{"id":111551,"href":"https:\/\/www.sudoestehoje.com.br\/novoportal\/wp-json\/wp\/v2\/posts\/111547\/revisions\/111551"}],"wp:featuredmedia":[{"embeddable":true,"href":"https:\/\/www.sudoestehoje.com.br\/novoportal\/wp-json\/wp\/v2\/media\/111548"}],"wp:attachment":[{"href":"https:\/\/www.sudoestehoje.com.br\/novoportal\/wp-json\/wp\/v2\/media?parent=111547"}],"wp:term":[{"taxonomy":"category","embeddable":true,"href":"https:\/\/www.sudoestehoje.com.br\/novoportal\/wp-json\/wp\/v2\/categories?post=111547"},{"taxonomy":"post_tag","embeddable":true,"href":"https:\/\/www.sudoestehoje.com.br\/novoportal\/wp-json\/wp\/v2\/tags?post=111547"}],"curies":[{"name":"wp","href":"https:\/\/api.w.org\/{rel}","templated":true}]}}