
{"id":111539,"date":"2023-07-21T21:47:12","date_gmt":"2023-07-22T00:47:12","guid":{"rendered":"https:\/\/www.sudoestehoje.com.br\/novoportal\/?p=111539"},"modified":"2023-07-21T22:01:03","modified_gmt":"2023-07-22T01:01:03","slug":"sudoeste-acidente-entre-hilux-e-carreta-deixa-dois-mortos-na-rodovia-br-116","status":"publish","type":"post","link":"https:\/\/www.sudoestehoje.com.br\/novoportal\/2023\/07\/21\/sudoeste-acidente-entre-hilux-e-carreta-deixa-dois-mortos-na-rodovia-br-116\/","title":{"rendered":"SUDOESTE | COLIS\u00c3O ENTRE HILUX E CARRETA DEIXA DOIS MORTOS NA RODOVIA BR-116"},"content":{"rendered":"<p><img loading=\"lazy\" decoding=\"async\" class=\"alignnone size-full wp-image-111341\" src=\"https:\/\/www.sudoestehoje.com.br\/novoportal\/wp-content\/uploads\/2023\/07\/BANNER-LINEUP-550x100-2.gif\" alt=\"\" width=\"550\" height=\"100\" \/><img loading=\"lazy\" decoding=\"async\" class=\"alignnone wp-image-111541\" src=\"https:\/\/www.sudoestehoje.com.br\/novoportal\/wp-content\/uploads\/2023\/07\/3-20-768x480-1-600x375.png\" alt=\"\" width=\"546\" height=\"341\" srcset=\"https:\/\/www.sudoestehoje.com.br\/novoportal\/wp-content\/uploads\/2023\/07\/3-20-768x480-1-600x375.png 600w, https:\/\/www.sudoestehoje.com.br\/novoportal\/wp-content\/uploads\/2023\/07\/3-20-768x480-1-700x438.png 700w, https:\/\/www.sudoestehoje.com.br\/novoportal\/wp-content\/uploads\/2023\/07\/3-20-768x480-1.png 768w\" sizes=\"auto, (max-width: 546px) 100vw, 546px\" \/><\/p>\n<p><strong>Uma colis\u00e3o frontal entre uma carreta e uma caminhonete Hilux deixou duas pessoas mortas na manh\u00e3 desta sexta-feira (21), na BR-116, no trecho entre os munic\u00edpios de Jequi\u00e9 e Manoel Vitorino, no Sudoeste Baiano.<\/strong><\/p>\n<p><strong>O Acidente ocorreu na altura do KM 701 da Rodovia Santos Dumont e as causas est\u00e3o sendo apuradas pela Pol\u00edcia Rodovi\u00e1ria Federal, mas a principal vers\u00e3o trabalhada pela pol\u00edcia \u00e9 de que o condutor da caminhonete de Minas Gerais teria invadido a pista contr\u00e1ria ao perder o controle da dire\u00e7\u00e3o, batendo com a carreta de Feira de Santana.<\/strong><\/p>\n<p><img loading=\"lazy\" decoding=\"async\" class=\"alignnone wp-image-111542\" src=\"https:\/\/www.sudoestehoje.com.br\/novoportal\/wp-content\/uploads\/2023\/07\/4-5-768x459-1-600x359.png\" alt=\"\" width=\"550\" height=\"329\" srcset=\"https:\/\/www.sudoestehoje.com.br\/novoportal\/wp-content\/uploads\/2023\/07\/4-5-768x459-1-600x359.png 600w, https:\/\/www.sudoestehoje.com.br\/novoportal\/wp-content\/uploads\/2023\/07\/4-5-768x459-1-700x418.png 700w, https:\/\/www.sudoestehoje.com.br\/novoportal\/wp-content\/uploads\/2023\/07\/4-5-768x459-1.png 768w\" sizes=\"auto, (max-width: 550px) 100vw, 550px\" \/><\/p>\n<p><strong>Com o impacto da batida, o motorista da Hilux e um passageiro, Emereciano Jo\u00e3o Paulo Ramalho, 41 anos, e \u00c9der Marcondes da Silva, 30, oriundo de Belo Horizonte, acabaram falecendo e os corpos foram encaminhados ao Instituto M\u00e9dico Legal de Jequi\u00e9.<\/strong><\/p>\n<p><strong>O acidente provocou um longo congestionamento na BR-116, mas o tr\u00e2nsito voltou a fluir no in\u00edcio da tarde com o monitoramento da PRF e prepostos da Concession\u00e1ria ViaBahia.<\/strong><\/p>\n","protected":false},"excerpt":{"rendered":"<p>Uma colis\u00e3o frontal entre uma carreta e uma caminhonete Hilux deixou duas pessoas mortas na manh\u00e3 desta sexta-feira (21), na BR-116, no trecho entre os munic\u00edpios de Jequi\u00e9 e Manoel Vitorino, no Sudoeste Baiano. O Acidente ocorreu na altura do KM 701 da Rodovia Santos Dumont e as causas est\u00e3o sendo apuradas pela Pol\u00edcia Rodovi\u00e1ria [&hellip;]<\/p>\n","protected":false},"author":2,"featured_media":111541,"comment_status":"closed","ping_status":"open","sticky":false,"template":"","format":"standard","meta":{"footnotes":"","_links_to":"","_links_to_target":""},"categories":[1],"tags":[],"class_list":["post-111539","post","type-post","status-publish","format-standard","has-post-thumbnail","hentry","category-geral"],"views":859,"_links":{"self":[{"href":"https:\/\/www.sudoestehoje.com.br\/novoportal\/wp-json\/wp\/v2\/posts\/111539","targetHints":{"allow":["GET"]}}],"collection":[{"href":"https:\/\/www.sudoestehoje.com.br\/novoportal\/wp-json\/wp\/v2\/posts"}],"about":[{"href":"https:\/\/www.sudoestehoje.com.br\/novoportal\/wp-json\/wp\/v2\/types\/post"}],"author":[{"embeddable":true,"href":"https:\/\/www.sudoestehoje.com.br\/novoportal\/wp-json\/wp\/v2\/users\/2"}],"replies":[{"embeddable":true,"href":"https:\/\/www.sudoestehoje.com.br\/novoportal\/wp-json\/wp\/v2\/comments?post=111539"}],"version-history":[{"count":3,"href":"https:\/\/www.sudoestehoje.com.br\/novoportal\/wp-json\/wp\/v2\/posts\/111539\/revisions"}],"predecessor-version":[{"id":111546,"href":"https:\/\/www.sudoestehoje.com.br\/novoportal\/wp-json\/wp\/v2\/posts\/111539\/revisions\/111546"}],"wp:featuredmedia":[{"embeddable":true,"href":"https:\/\/www.sudoestehoje.com.br\/novoportal\/wp-json\/wp\/v2\/media\/111541"}],"wp:attachment":[{"href":"https:\/\/www.sudoestehoje.com.br\/novoportal\/wp-json\/wp\/v2\/media?parent=111539"}],"wp:term":[{"taxonomy":"category","embeddable":true,"href":"https:\/\/www.sudoestehoje.com.br\/novoportal\/wp-json\/wp\/v2\/categories?post=111539"},{"taxonomy":"post_tag","embeddable":true,"href":"https:\/\/www.sudoestehoje.com.br\/novoportal\/wp-json\/wp\/v2\/tags?post=111539"}],"curies":[{"name":"wp","href":"https:\/\/api.w.org\/{rel}","templated":true}]}}