
{"id":111530,"date":"2023-07-21T17:58:29","date_gmt":"2023-07-21T20:58:29","guid":{"rendered":"https:\/\/www.sudoestehoje.com.br\/novoportal\/?p=111530"},"modified":"2023-07-21T18:01:24","modified_gmt":"2023-07-21T21:01:24","slug":"motorista-que-morreu-em-acidente-na-ba-263-era-de-conquista-e-fazia-entrega-de-veiculo-para-concessionaria-em-itapetinga","status":"publish","type":"post","link":"https:\/\/www.sudoestehoje.com.br\/novoportal\/2023\/07\/21\/motorista-que-morreu-em-acidente-na-ba-263-era-de-conquista-e-fazia-entrega-de-veiculo-para-concessionaria-em-itapetinga\/","title":{"rendered":"MOTORISTA QUE MORREU EM ACIDENTE NA BA-263 ERA DE CONQUISTA E FAZIA ENTREGA DE VE\u00cdCULO PARA CONCESSION\u00c1RIA EM ITAPETINGA"},"content":{"rendered":"<p><img loading=\"lazy\" decoding=\"async\" class=\"alignnone size-full wp-image-111341\" src=\"https:\/\/www.sudoestehoje.com.br\/novoportal\/wp-content\/uploads\/2023\/07\/BANNER-LINEUP-550x100-2.gif\" alt=\"\" width=\"550\" height=\"100\" \/><\/p>\n<p><img loading=\"lazy\" decoding=\"async\" class=\"alignnone wp-image-111534\" src=\"https:\/\/www.sudoestehoje.com.br\/novoportal\/wp-content\/uploads\/2023\/07\/pedro-neto.jpeg\" alt=\"\" width=\"550\" height=\"520\" \/><\/p>\n<p><strong>O motorista que acabou morrendo em grave acidente ocorrido na manh\u00e3 desta sexta-feira (21) na BA-263, entre Itapetinga e Itamb\u00e9, foi identificado como sendo Pedro Neto, morador da vizinha cidade de Vit\u00f3ria da Conquista.<\/strong><\/p>\n<p><strong>De acordo com informa\u00e7\u00f5es, Pedro era muito conhecido e querido em Conquista, onde trabalhava fazendo entregas de ve\u00edculos novos para uma concession\u00e1ria Chevrolet, instalada na regi\u00e3o.<\/strong><\/p>\n<p><strong>Na manh\u00e3 de hoje, o motorista estava a caminho de uma filial da concession\u00e1ria em Itapetinga, para fazer a entrega do ve\u00edculo envolvido no acidente que causou a sua morte.<\/strong><\/p>\n<p><strong>A not\u00edcia do seu falecimento causou forte como\u00e7\u00e3o na comunidade conquistense. As causas do acidente ser\u00e3o apuradas pela PRE.<\/strong><\/p>\n<p><strong>Por Davi Ferraz<\/strong><\/p>\n","protected":false},"excerpt":{"rendered":"<p>O motorista que acabou morrendo em grave acidente ocorrido na manh\u00e3 desta sexta-feira (21) na BA-263, entre Itapetinga e Itamb\u00e9, foi identificado como sendo Pedro Neto, morador da vizinha cidade de Vit\u00f3ria da Conquista. De acordo com informa\u00e7\u00f5es, Pedro era muito conhecido e querido em Conquista, onde trabalhava fazendo entregas de ve\u00edculos novos para uma [&hellip;]<\/p>\n","protected":false},"author":2,"featured_media":111534,"comment_status":"closed","ping_status":"open","sticky":false,"template":"","format":"standard","meta":{"footnotes":"","_links_to":"","_links_to_target":""},"categories":[1],"tags":[],"class_list":["post-111530","post","type-post","status-publish","format-standard","has-post-thumbnail","hentry","category-geral"],"views":1522,"_links":{"self":[{"href":"https:\/\/www.sudoestehoje.com.br\/novoportal\/wp-json\/wp\/v2\/posts\/111530","targetHints":{"allow":["GET"]}}],"collection":[{"href":"https:\/\/www.sudoestehoje.com.br\/novoportal\/wp-json\/wp\/v2\/posts"}],"about":[{"href":"https:\/\/www.sudoestehoje.com.br\/novoportal\/wp-json\/wp\/v2\/types\/post"}],"author":[{"embeddable":true,"href":"https:\/\/www.sudoestehoje.com.br\/novoportal\/wp-json\/wp\/v2\/users\/2"}],"replies":[{"embeddable":true,"href":"https:\/\/www.sudoestehoje.com.br\/novoportal\/wp-json\/wp\/v2\/comments?post=111530"}],"version-history":[{"count":7,"href":"https:\/\/www.sudoestehoje.com.br\/novoportal\/wp-json\/wp\/v2\/posts\/111530\/revisions"}],"predecessor-version":[{"id":111538,"href":"https:\/\/www.sudoestehoje.com.br\/novoportal\/wp-json\/wp\/v2\/posts\/111530\/revisions\/111538"}],"wp:featuredmedia":[{"embeddable":true,"href":"https:\/\/www.sudoestehoje.com.br\/novoportal\/wp-json\/wp\/v2\/media\/111534"}],"wp:attachment":[{"href":"https:\/\/www.sudoestehoje.com.br\/novoportal\/wp-json\/wp\/v2\/media?parent=111530"}],"wp:term":[{"taxonomy":"category","embeddable":true,"href":"https:\/\/www.sudoestehoje.com.br\/novoportal\/wp-json\/wp\/v2\/categories?post=111530"},{"taxonomy":"post_tag","embeddable":true,"href":"https:\/\/www.sudoestehoje.com.br\/novoportal\/wp-json\/wp\/v2\/tags?post=111530"}],"curies":[{"name":"wp","href":"https:\/\/api.w.org\/{rel}","templated":true}]}}