
{"id":111525,"date":"2023-07-21T17:34:06","date_gmt":"2023-07-21T20:34:06","guid":{"rendered":"https:\/\/www.sudoestehoje.com.br\/novoportal\/?p=111525"},"modified":"2023-07-21T17:34:06","modified_gmt":"2023-07-21T20:34:06","slug":"itapetinga-rodrigo-concede-aumento-de-quase-15-e-poe-fim-a-greve-dos-professores","status":"publish","type":"post","link":"https:\/\/www.sudoestehoje.com.br\/novoportal\/2023\/07\/21\/itapetinga-rodrigo-concede-aumento-de-quase-15-e-poe-fim-a-greve-dos-professores\/","title":{"rendered":"ITAPETINGA: RODRIGO CONCEDE AUMENTO DE QUASE 15% E P\u00d5E FIM \u00c0 GREVE DOS PROFESSORES"},"content":{"rendered":"<p><img loading=\"lazy\" decoding=\"async\" class=\"alignnone size-full wp-image-111341\" src=\"https:\/\/www.sudoestehoje.com.br\/novoportal\/wp-content\/uploads\/2023\/07\/BANNER-LINEUP-550x100-2.gif\" alt=\"\" width=\"550\" height=\"100\" \/><img loading=\"lazy\" decoding=\"async\" class=\"alignnone  wp-image-111527\" src=\"https:\/\/www.sudoestehoje.com.br\/novoportal\/wp-content\/uploads\/2023\/07\/fim-da-Greve-600x411.jpg\" alt=\"\" width=\"550\" height=\"377\" srcset=\"https:\/\/www.sudoestehoje.com.br\/novoportal\/wp-content\/uploads\/2023\/07\/fim-da-Greve-600x411.jpg 600w, https:\/\/www.sudoestehoje.com.br\/novoportal\/wp-content\/uploads\/2023\/07\/fim-da-Greve-700x480.jpg 700w, https:\/\/www.sudoestehoje.com.br\/novoportal\/wp-content\/uploads\/2023\/07\/fim-da-Greve-768x526.jpg 768w, https:\/\/www.sudoestehoje.com.br\/novoportal\/wp-content\/uploads\/2023\/07\/fim-da-Greve.jpg 1182w\" sizes=\"auto, (max-width: 550px) 100vw, 550px\" \/><\/p>\n<p><strong>Ap\u00f3s a \u00faltima mesa de negocia\u00e7\u00f5es ocorrida nesta quinta-feira, entre prefeitura de Itapetinga e APLB,\u00a0 os professores da rede municipal decidiram pelo fim da greve. Depois de uma avalia\u00e7\u00e3o criteriosa dos impactos causados \u00e0s contas p\u00fablicas e da real possibilidade de garantir o acordado, a administra\u00e7\u00e3o p\u00fablica concedeu 14,95%, divididos em cinco vezes, de reajuste nos sal\u00e1rios dos docentes.<\/strong><\/p>\n<p><strong>Al\u00e9m disso, o munic\u00edpio garantiu a cria\u00e7\u00e3o de uma comiss\u00e3o de Reformula\u00e7\u00e3o do Plano de Carreira da classe, o que \u00a0estimular\u00e1 a continuidade dos professores em sala de aula e poder\u00e1 estabelecer uma parceria efetiva e positiva entre corpo docente e gest\u00e3o.\u00a0<\/strong><\/p>\n<p><strong><em>\u201cA administra\u00e7\u00e3o p\u00fablica municipal nunca esteve insens\u00edvel \u00e0 causa dos professores, mas era preciso debater maneiras de oferecer o reajuste sem comprometer de forma irrespons\u00e1vel o or\u00e7amento p\u00fablico\u201d<\/em>, afirmou o prefeito Rodrigo Hagge ao dizer que sempre manteve o di\u00e1logo com a classe e assim permanecer\u00e1 para o bem da educa\u00e7\u00e3o municipal.<\/strong><\/p>\n","protected":false},"excerpt":{"rendered":"<p>Ap\u00f3s a \u00faltima mesa de negocia\u00e7\u00f5es ocorrida nesta quinta-feira, entre prefeitura de Itapetinga e APLB,\u00a0 os professores da rede municipal decidiram pelo fim da greve. Depois de uma avalia\u00e7\u00e3o criteriosa dos impactos causados \u00e0s contas p\u00fablicas e da real possibilidade de garantir o acordado, a administra\u00e7\u00e3o p\u00fablica concedeu 14,95%, divididos em cinco vezes, de reajuste [&hellip;]<\/p>\n","protected":false},"author":2,"featured_media":111527,"comment_status":"closed","ping_status":"open","sticky":false,"template":"","format":"standard","meta":{"footnotes":"","_links_to":"","_links_to_target":""},"categories":[1],"tags":[],"class_list":["post-111525","post","type-post","status-publish","format-standard","has-post-thumbnail","hentry","category-geral"],"views":1074,"_links":{"self":[{"href":"https:\/\/www.sudoestehoje.com.br\/novoportal\/wp-json\/wp\/v2\/posts\/111525","targetHints":{"allow":["GET"]}}],"collection":[{"href":"https:\/\/www.sudoestehoje.com.br\/novoportal\/wp-json\/wp\/v2\/posts"}],"about":[{"href":"https:\/\/www.sudoestehoje.com.br\/novoportal\/wp-json\/wp\/v2\/types\/post"}],"author":[{"embeddable":true,"href":"https:\/\/www.sudoestehoje.com.br\/novoportal\/wp-json\/wp\/v2\/users\/2"}],"replies":[{"embeddable":true,"href":"https:\/\/www.sudoestehoje.com.br\/novoportal\/wp-json\/wp\/v2\/comments?post=111525"}],"version-history":[{"count":3,"href":"https:\/\/www.sudoestehoje.com.br\/novoportal\/wp-json\/wp\/v2\/posts\/111525\/revisions"}],"predecessor-version":[{"id":111529,"href":"https:\/\/www.sudoestehoje.com.br\/novoportal\/wp-json\/wp\/v2\/posts\/111525\/revisions\/111529"}],"wp:featuredmedia":[{"embeddable":true,"href":"https:\/\/www.sudoestehoje.com.br\/novoportal\/wp-json\/wp\/v2\/media\/111527"}],"wp:attachment":[{"href":"https:\/\/www.sudoestehoje.com.br\/novoportal\/wp-json\/wp\/v2\/media?parent=111525"}],"wp:term":[{"taxonomy":"category","embeddable":true,"href":"https:\/\/www.sudoestehoje.com.br\/novoportal\/wp-json\/wp\/v2\/categories?post=111525"},{"taxonomy":"post_tag","embeddable":true,"href":"https:\/\/www.sudoestehoje.com.br\/novoportal\/wp-json\/wp\/v2\/tags?post=111525"}],"curies":[{"name":"wp","href":"https:\/\/api.w.org\/{rel}","templated":true}]}}