
{"id":111509,"date":"2023-07-21T10:32:44","date_gmt":"2023-07-21T13:32:44","guid":{"rendered":"https:\/\/www.sudoestehoje.com.br\/novoportal\/?p=111509"},"modified":"2023-07-21T11:11:27","modified_gmt":"2023-07-21T14:11:27","slug":"urgente-grave-acidente-com-morte-na-ba-263-entre-itapetinga-e-itambe","status":"publish","type":"post","link":"https:\/\/www.sudoestehoje.com.br\/novoportal\/2023\/07\/21\/urgente-grave-acidente-com-morte-na-ba-263-entre-itapetinga-e-itambe\/","title":{"rendered":"URGENTE | GRAVE ACIDENTE COM MORTE NA BA-263 ENTRE ITAPETINGA E ITAMB\u00c9"},"content":{"rendered":"<p><img loading=\"lazy\" decoding=\"async\" class=\"alignnone size-full wp-image-111341\" src=\"https:\/\/www.sudoestehoje.com.br\/novoportal\/wp-content\/uploads\/2023\/07\/BANNER-LINEUP-550x100-2.gif\" alt=\"\" width=\"550\" height=\"100\" \/><\/p>\n<p><img loading=\"lazy\" decoding=\"async\" class=\"alignnone wp-image-111511\" src=\"https:\/\/www.sudoestehoje.com.br\/novoportal\/wp-content\/uploads\/2023\/07\/9e83cf3c-1e26-490c-b1b0-e9f206a79705-600x459.jpg\" alt=\"\" width=\"549\" height=\"420\" srcset=\"https:\/\/www.sudoestehoje.com.br\/novoportal\/wp-content\/uploads\/2023\/07\/9e83cf3c-1e26-490c-b1b0-e9f206a79705-600x459.jpg 600w, https:\/\/www.sudoestehoje.com.br\/novoportal\/wp-content\/uploads\/2023\/07\/9e83cf3c-1e26-490c-b1b0-e9f206a79705-700x536.jpg 700w, https:\/\/www.sudoestehoje.com.br\/novoportal\/wp-content\/uploads\/2023\/07\/9e83cf3c-1e26-490c-b1b0-e9f206a79705-768x588.jpg 768w, https:\/\/www.sudoestehoje.com.br\/novoportal\/wp-content\/uploads\/2023\/07\/9e83cf3c-1e26-490c-b1b0-e9f206a79705.jpg 1079w\" sizes=\"auto, (max-width: 549px) 100vw, 549px\" \/><\/p>\n<p><strong>Acaba de acontecer um grave acidente entre uma caminhonete Hilux e um autom\u00f3vel Chevrolet, na rodovia BA-263, entre Itapetinga e Itamb\u00e9.<\/strong><\/p>\n<p><strong>Segundo informa\u00e7\u00f5es, o motorista do autom\u00f3vel Chevrolet teria morrido no local, mas ainda falta confirma\u00e7\u00e3o. Novas informa\u00e7\u00f5es d\u00e3o conta de que o m<\/strong><strong>otorista morto seria da Topvel de Vit\u00f3ria da Conquista e estaria trazendo um ve\u00edculo para entrega em Itapetinga. Ainda n\u00e3o h\u00e1 identifica\u00e7\u00e3o.<\/strong><\/p>\n<p><img loading=\"lazy\" decoding=\"async\" class=\"alignnone wp-image-111516\" src=\"https:\/\/www.sudoestehoje.com.br\/novoportal\/wp-content\/uploads\/2023\/07\/61f8a4d7-6a40-4e19-a57b-21beb8cf9bd5-1-600x506.jpg\" alt=\"\" width=\"549\" height=\"463\" srcset=\"https:\/\/www.sudoestehoje.com.br\/novoportal\/wp-content\/uploads\/2023\/07\/61f8a4d7-6a40-4e19-a57b-21beb8cf9bd5-1-600x506.jpg 600w, https:\/\/www.sudoestehoje.com.br\/novoportal\/wp-content\/uploads\/2023\/07\/61f8a4d7-6a40-4e19-a57b-21beb8cf9bd5-1-700x590.jpg 700w, https:\/\/www.sudoestehoje.com.br\/novoportal\/wp-content\/uploads\/2023\/07\/61f8a4d7-6a40-4e19-a57b-21beb8cf9bd5-1-768x647.jpg 768w, https:\/\/www.sudoestehoje.com.br\/novoportal\/wp-content\/uploads\/2023\/07\/61f8a4d7-6a40-4e19-a57b-21beb8cf9bd5-1.jpg 1080w\" sizes=\"auto, (max-width: 549px) 100vw, 549px\" \/><\/p>\n<p><strong>V\u00eddeos postados em grupos sociais da internet mostram uma pessoa aparentemente morta dentro de um ve\u00edculo e uma caminhonete com um trailer de transporte de animais, capotados no matagal.<\/strong><\/p>\n<p><strong>Aguardem mais informa\u00e7\u00f5es &#8230;<\/strong><\/p>\n<div style=\"width: 368px;\" class=\"wp-video\"><!--[if lt IE 9]><script>document.createElement('video');<\/script><![endif]-->\n<video class=\"wp-video-shortcode\" id=\"video-111509-1\" width=\"368\" height=\"656\" preload=\"metadata\" controls=\"controls\"><source type=\"video\/mp4\" src=\"https:\/\/www.sudoestehoje.com.br\/novoportal\/wp-content\/uploads\/2023\/07\/WhatsApp-Video-2023-07-21-at-10.34.23.mp4?_=1\" \/><a href=\"https:\/\/www.sudoestehoje.com.br\/novoportal\/wp-content\/uploads\/2023\/07\/WhatsApp-Video-2023-07-21-at-10.34.23.mp4\">https:\/\/www.sudoestehoje.com.br\/novoportal\/wp-content\/uploads\/2023\/07\/WhatsApp-Video-2023-07-21-at-10.34.23.mp4<\/a><\/video><\/div>\n<p><strong>Reda\u00e7\u00e3o SH<\/strong><\/p>\n","protected":false},"excerpt":{"rendered":"<p>Acaba de acontecer um grave acidente entre uma caminhonete Hilux e um autom\u00f3vel Chevrolet, na rodovia BA-263, entre Itapetinga e Itamb\u00e9. Segundo informa\u00e7\u00f5es, o motorista do autom\u00f3vel Chevrolet teria morrido no local, mas ainda falta confirma\u00e7\u00e3o. Novas informa\u00e7\u00f5es d\u00e3o conta de que o motorista morto seria da Topvel de Vit\u00f3ria da Conquista e estaria trazendo [&hellip;]<\/p>\n","protected":false},"author":2,"featured_media":111511,"comment_status":"closed","ping_status":"open","sticky":false,"template":"","format":"standard","meta":{"footnotes":"","_links_to":"","_links_to_target":""},"categories":[1],"tags":[],"class_list":["post-111509","post","type-post","status-publish","format-standard","has-post-thumbnail","hentry","category-geral"],"views":3046,"_links":{"self":[{"href":"https:\/\/www.sudoestehoje.com.br\/novoportal\/wp-json\/wp\/v2\/posts\/111509","targetHints":{"allow":["GET"]}}],"collection":[{"href":"https:\/\/www.sudoestehoje.com.br\/novoportal\/wp-json\/wp\/v2\/posts"}],"about":[{"href":"https:\/\/www.sudoestehoje.com.br\/novoportal\/wp-json\/wp\/v2\/types\/post"}],"author":[{"embeddable":true,"href":"https:\/\/www.sudoestehoje.com.br\/novoportal\/wp-json\/wp\/v2\/users\/2"}],"replies":[{"embeddable":true,"href":"https:\/\/www.sudoestehoje.com.br\/novoportal\/wp-json\/wp\/v2\/comments?post=111509"}],"version-history":[{"count":9,"href":"https:\/\/www.sudoestehoje.com.br\/novoportal\/wp-json\/wp\/v2\/posts\/111509\/revisions"}],"predecessor-version":[{"id":111523,"href":"https:\/\/www.sudoestehoje.com.br\/novoportal\/wp-json\/wp\/v2\/posts\/111509\/revisions\/111523"}],"wp:featuredmedia":[{"embeddable":true,"href":"https:\/\/www.sudoestehoje.com.br\/novoportal\/wp-json\/wp\/v2\/media\/111511"}],"wp:attachment":[{"href":"https:\/\/www.sudoestehoje.com.br\/novoportal\/wp-json\/wp\/v2\/media?parent=111509"}],"wp:term":[{"taxonomy":"category","embeddable":true,"href":"https:\/\/www.sudoestehoje.com.br\/novoportal\/wp-json\/wp\/v2\/categories?post=111509"},{"taxonomy":"post_tag","embeddable":true,"href":"https:\/\/www.sudoestehoje.com.br\/novoportal\/wp-json\/wp\/v2\/tags?post=111509"}],"curies":[{"name":"wp","href":"https:\/\/api.w.org\/{rel}","templated":true}]}}