
{"id":111505,"date":"2023-07-21T09:09:01","date_gmt":"2023-07-21T12:09:01","guid":{"rendered":"https:\/\/www.sudoestehoje.com.br\/novoportal\/?p=111505"},"modified":"2023-07-21T09:26:59","modified_gmt":"2023-07-21T12:26:59","slug":"tempo-amanhece-chuvoso-em-itapetinga-e-todo-o-medio-sudoeste-baiano","status":"publish","type":"post","link":"https:\/\/www.sudoestehoje.com.br\/novoportal\/2023\/07\/21\/tempo-amanhece-chuvoso-em-itapetinga-e-todo-o-medio-sudoeste-baiano\/","title":{"rendered":"TEMPO AMANHECE CHUVOSO EM ITAPETINGA E TODO O M\u00c9DIO SUDOESTE BAIANO"},"content":{"rendered":"<p><img loading=\"lazy\" decoding=\"async\" class=\"alignnone size-full wp-image-111261\" src=\"https:\/\/www.sudoestehoje.com.br\/novoportal\/wp-content\/uploads\/2023\/07\/BANNER-LINEUP-550x100-1.gif\" alt=\"\" width=\"550\" height=\"100\" \/><\/p>\n<p><img loading=\"lazy\" decoding=\"async\" class=\"alignnone wp-image-111506\" src=\"https:\/\/www.sudoestehoje.com.br\/novoportal\/wp-content\/uploads\/2023\/07\/4db38788-9a84-4219-9cda-530aa1f30930-600x338.jpg\" alt=\"\" width=\"550\" height=\"310\" srcset=\"https:\/\/www.sudoestehoje.com.br\/novoportal\/wp-content\/uploads\/2023\/07\/4db38788-9a84-4219-9cda-530aa1f30930-600x338.jpg 600w, https:\/\/www.sudoestehoje.com.br\/novoportal\/wp-content\/uploads\/2023\/07\/4db38788-9a84-4219-9cda-530aa1f30930-700x394.jpg 700w, https:\/\/www.sudoestehoje.com.br\/novoportal\/wp-content\/uploads\/2023\/07\/4db38788-9a84-4219-9cda-530aa1f30930-768x432.jpg 768w, https:\/\/www.sudoestehoje.com.br\/novoportal\/wp-content\/uploads\/2023\/07\/4db38788-9a84-4219-9cda-530aa1f30930-1536x865.jpg 1536w, https:\/\/www.sudoestehoje.com.br\/novoportal\/wp-content\/uploads\/2023\/07\/4db38788-9a84-4219-9cda-530aa1f30930.jpg 1600w\" sizes=\"auto, (max-width: 550px) 100vw, 550px\" \/><\/p>\n<p><strong>Confirmando as previs\u00f5es, o tempo amanheceu chuvoso na &#8216;Capital da Pecu\u00e1ria Baiana&#8217; e toda a regi\u00e3o, trazendo muito frio e neblina nas primeiras horas da manh\u00e3.<\/strong><\/p>\n<p><strong>Com temperaturas que devem variar entre os 21\u00b0C e 17\u00b0C no decorrer do dia, a chuva fina deve continuar nesta sexta (21), mas o sol deve voltar amanh\u00e3 (s\u00e1bado 22).<\/strong><\/p>\n<p><strong>Reda\u00e7\u00e3o<\/strong><\/p>\n","protected":false},"excerpt":{"rendered":"<p>Confirmando as previs\u00f5es, o tempo amanheceu chuvoso na &#8216;Capital da Pecu\u00e1ria Baiana&#8217; e toda a regi\u00e3o, trazendo muito frio e neblina nas primeiras horas da manh\u00e3. Com temperaturas que devem variar entre os 21\u00b0C e 17\u00b0C no decorrer do dia, a chuva fina deve continuar nesta sexta (21), mas o sol deve voltar amanh\u00e3 (s\u00e1bado [&hellip;]<\/p>\n","protected":false},"author":2,"featured_media":111506,"comment_status":"closed","ping_status":"open","sticky":false,"template":"","format":"standard","meta":{"footnotes":"","_links_to":"","_links_to_target":""},"categories":[1],"tags":[],"class_list":["post-111505","post","type-post","status-publish","format-standard","has-post-thumbnail","hentry","category-geral"],"views":991,"_links":{"self":[{"href":"https:\/\/www.sudoestehoje.com.br\/novoportal\/wp-json\/wp\/v2\/posts\/111505","targetHints":{"allow":["GET"]}}],"collection":[{"href":"https:\/\/www.sudoestehoje.com.br\/novoportal\/wp-json\/wp\/v2\/posts"}],"about":[{"href":"https:\/\/www.sudoestehoje.com.br\/novoportal\/wp-json\/wp\/v2\/types\/post"}],"author":[{"embeddable":true,"href":"https:\/\/www.sudoestehoje.com.br\/novoportal\/wp-json\/wp\/v2\/users\/2"}],"replies":[{"embeddable":true,"href":"https:\/\/www.sudoestehoje.com.br\/novoportal\/wp-json\/wp\/v2\/comments?post=111505"}],"version-history":[{"count":2,"href":"https:\/\/www.sudoestehoje.com.br\/novoportal\/wp-json\/wp\/v2\/posts\/111505\/revisions"}],"predecessor-version":[{"id":111508,"href":"https:\/\/www.sudoestehoje.com.br\/novoportal\/wp-json\/wp\/v2\/posts\/111505\/revisions\/111508"}],"wp:featuredmedia":[{"embeddable":true,"href":"https:\/\/www.sudoestehoje.com.br\/novoportal\/wp-json\/wp\/v2\/media\/111506"}],"wp:attachment":[{"href":"https:\/\/www.sudoestehoje.com.br\/novoportal\/wp-json\/wp\/v2\/media?parent=111505"}],"wp:term":[{"taxonomy":"category","embeddable":true,"href":"https:\/\/www.sudoestehoje.com.br\/novoportal\/wp-json\/wp\/v2\/categories?post=111505"},{"taxonomy":"post_tag","embeddable":true,"href":"https:\/\/www.sudoestehoje.com.br\/novoportal\/wp-json\/wp\/v2\/tags?post=111505"}],"curies":[{"name":"wp","href":"https:\/\/api.w.org\/{rel}","templated":true}]}}