
{"id":111500,"date":"2023-07-21T08:51:11","date_gmt":"2023-07-21T11:51:11","guid":{"rendered":"https:\/\/www.sudoestehoje.com.br\/novoportal\/?p=111500"},"modified":"2023-07-21T08:51:11","modified_gmt":"2023-07-21T11:51:11","slug":"policia-da-bahia-passa-o-rio-de-janeiro-e-se-torna-a-mais-letal-do-brasil","status":"publish","type":"post","link":"https:\/\/www.sudoestehoje.com.br\/novoportal\/2023\/07\/21\/policia-da-bahia-passa-o-rio-de-janeiro-e-se-torna-a-mais-letal-do-brasil\/","title":{"rendered":"POL\u00cdCIA DA BAHIA PASSA O RIO DE JANEIRO E SE TORNA A MAIS LETAL DO BRASIL"},"content":{"rendered":"<p><img loading=\"lazy\" decoding=\"async\" class=\"alignnone size-full wp-image-111341\" src=\"https:\/\/www.sudoestehoje.com.br\/novoportal\/wp-content\/uploads\/2023\/07\/BANNER-LINEUP-550x100-2.gif\" alt=\"\" width=\"550\" height=\"100\" \/><\/p>\n<p><img loading=\"lazy\" decoding=\"async\" class=\"alignnone  wp-image-111503\" src=\"https:\/\/www.sudoestehoje.com.br\/novoportal\/wp-content\/uploads\/2023\/07\/portaldocerrado-negros-sao-98-dos-mortos-pela-policia-na-bahia-numero-chega-a-100-em-salvador-adolescentes-assassinados-647x381-2-600x353.jpg\" alt=\"\" width=\"549\" height=\"323\" srcset=\"https:\/\/www.sudoestehoje.com.br\/novoportal\/wp-content\/uploads\/2023\/07\/portaldocerrado-negros-sao-98-dos-mortos-pela-policia-na-bahia-numero-chega-a-100-em-salvador-adolescentes-assassinados-647x381-2-600x353.jpg 600w, https:\/\/www.sudoestehoje.com.br\/novoportal\/wp-content\/uploads\/2023\/07\/portaldocerrado-negros-sao-98-dos-mortos-pela-policia-na-bahia-numero-chega-a-100-em-salvador-adolescentes-assassinados-647x381-2.jpg 647w\" sizes=\"auto, (max-width: 549px) 100vw, 549px\" \/><\/p>\n<p class=\"text\"><strong>O Anu\u00e1rio Brasileiro de Seguran\u00e7a P\u00fablica de 2023 mostra, pela primeira vez, a pol\u00edcia da Bahia como a mais letal do pa\u00eds. O estado baiano desbancou o Rio de Janeiro, que historicamente ocupava essa posi\u00e7\u00e3o nos anos anteriores. Os registros das estat\u00edsticas, que consideram as interven\u00e7\u00f5es policiais, come\u00e7aram em 2015.<\/strong><\/p>\n<p class=\"text\"><strong>Em 2022, as pol\u00edcias da Bahia foram respons\u00e1veis por 1.464 mortes em interven\u00e7\u00f5es oficiais, o que equivale a 22,7% do total de 6.430 mortes causadas pelas pol\u00edcias nesse mesmo ano. No entanto, o estado n\u00e3o fornece informa\u00e7\u00f5es sobre o n\u00famero de policiais mortos em confrontos.<\/strong><\/p>\n<p class=\"text\"><strong>No Rio de Janeiro, o n\u00famero de mortes por interven\u00e7\u00f5es policiais foi de 1.330 no ano passado. Em contrapartida, na Bahia, em 2015, o n\u00famero de mortes por interven\u00e7\u00f5es policiais foi de 354, representando um aumento de 313% ao longo de sete anos.<\/strong><\/p>\n<p class=\"text\"><strong>No caso da Bahia, ao contr\u00e1rio de outros estados, n\u00e3o h\u00e1 informa\u00e7\u00f5es separadas entre as mortes resultantes de interven\u00e7\u00f5es da Pol\u00edcia Civil e da Pol\u00edcia Militar. As mortes decorrentes de a\u00e7\u00f5es das pol\u00edcias civil e militar representam 22% de todas as 6.659 mortes violentas registradas no estado em 2022. No que diz respeito \u00e0s interven\u00e7\u00f5es, o n\u00famero de mortes aumentou em 9,7% em compara\u00e7\u00e3o a 2021. Em contrapartida, na soma geral de mortes violentas no estado, houve uma redu\u00e7\u00e3o de 5,9%.<\/strong><\/p>\n<p class=\"text\"><strong>Veja a lista completa de mortes pela pol\u00edcia<\/strong><\/p>\n<ul>\n<li class=\"text\"><strong>Bahia: 1.464<\/strong><\/li>\n<li class=\"text\"><strong>Rio de Janeiro: 1.330<\/strong><\/li>\n<li class=\"text\"><strong>Par\u00e1: 621<\/strong><\/li>\n<li class=\"text\"><strong>Goi\u00e1s: 538<\/strong><\/li>\n<li class=\"text\"><strong>Paran\u00e1: 479<\/strong><\/li>\n<li class=\"text\"><strong>S\u00e3o Paulo: 419<\/strong><\/li>\n<li class=\"text\"><strong>Sergipe: 175<\/strong><\/li>\n<li class=\"text\"><strong>Cear\u00e1: 150<\/strong><\/li>\n<li class=\"text\"><strong>Minas Gerais: 148<\/strong><\/li>\n<li class=\"text\"><strong>Amap\u00e1: 122<\/strong><\/li>\n<li class=\"text\"><strong>Mato Grosso: 109<\/strong><\/li>\n<li class=\"text\"><strong>Rio Grande do Norte: 107<\/strong><\/li>\n<li class=\"text\"><strong>Rio Grande do Sul: 106<\/strong><\/li>\n<li class=\"text\"><strong>Amazonas: 99<\/strong><\/li>\n<li class=\"text\"><strong>Maranh\u00e3o: 92<\/strong><\/li>\n<li class=\"text\"><strong>Pernambuco: 90<\/strong><\/li>\n<li class=\"text\"><strong>Esp\u00edrito Santo: 65<\/strong><\/li>\n<li class=\"text\"><strong>Para\u00edba: 51<\/strong><\/li>\n<li class=\"text\"><strong>Alagoas: 50<\/strong><\/li>\n<li class=\"text\"><strong>Mato Grosso do Sul: 45<\/strong><\/li>\n<li class=\"text\"><strong>Santa Catarina: 44<\/strong><\/li>\n<li class=\"text\"><strong>Piau\u00ed: 38<\/strong><\/li>\n<li class=\"text\"><strong>Tocantins: 26<\/strong><\/li>\n<li class=\"text\"><strong>Acre: 19<\/strong><\/li>\n<li class=\"text\"><strong>Rond\u00f4nia: 18<\/strong><\/li>\n<li class=\"text\"><strong>Distrito Federal: 15<\/strong><\/li>\n<li class=\"text\"><strong>Roraima: 10<\/strong><\/li>\n<\/ul>\n","protected":false},"excerpt":{"rendered":"<p>O Anu\u00e1rio Brasileiro de Seguran\u00e7a P\u00fablica de 2023 mostra, pela primeira vez, a pol\u00edcia da Bahia como a mais letal do pa\u00eds. O estado baiano desbancou o Rio de Janeiro, que historicamente ocupava essa posi\u00e7\u00e3o nos anos anteriores. Os registros das estat\u00edsticas, que consideram as interven\u00e7\u00f5es policiais, come\u00e7aram em 2015. Em 2022, as pol\u00edcias da [&hellip;]<\/p>\n","protected":false},"author":2,"featured_media":111502,"comment_status":"closed","ping_status":"open","sticky":false,"template":"","format":"standard","meta":{"footnotes":"","_links_to":"","_links_to_target":""},"categories":[1],"tags":[],"class_list":["post-111500","post","type-post","status-publish","format-standard","has-post-thumbnail","hentry","category-geral"],"views":1241,"_links":{"self":[{"href":"https:\/\/www.sudoestehoje.com.br\/novoportal\/wp-json\/wp\/v2\/posts\/111500","targetHints":{"allow":["GET"]}}],"collection":[{"href":"https:\/\/www.sudoestehoje.com.br\/novoportal\/wp-json\/wp\/v2\/posts"}],"about":[{"href":"https:\/\/www.sudoestehoje.com.br\/novoportal\/wp-json\/wp\/v2\/types\/post"}],"author":[{"embeddable":true,"href":"https:\/\/www.sudoestehoje.com.br\/novoportal\/wp-json\/wp\/v2\/users\/2"}],"replies":[{"embeddable":true,"href":"https:\/\/www.sudoestehoje.com.br\/novoportal\/wp-json\/wp\/v2\/comments?post=111500"}],"version-history":[{"count":1,"href":"https:\/\/www.sudoestehoje.com.br\/novoportal\/wp-json\/wp\/v2\/posts\/111500\/revisions"}],"predecessor-version":[{"id":111504,"href":"https:\/\/www.sudoestehoje.com.br\/novoportal\/wp-json\/wp\/v2\/posts\/111500\/revisions\/111504"}],"wp:featuredmedia":[{"embeddable":true,"href":"https:\/\/www.sudoestehoje.com.br\/novoportal\/wp-json\/wp\/v2\/media\/111502"}],"wp:attachment":[{"href":"https:\/\/www.sudoestehoje.com.br\/novoportal\/wp-json\/wp\/v2\/media?parent=111500"}],"wp:term":[{"taxonomy":"category","embeddable":true,"href":"https:\/\/www.sudoestehoje.com.br\/novoportal\/wp-json\/wp\/v2\/categories?post=111500"},{"taxonomy":"post_tag","embeddable":true,"href":"https:\/\/www.sudoestehoje.com.br\/novoportal\/wp-json\/wp\/v2\/tags?post=111500"}],"curies":[{"name":"wp","href":"https:\/\/api.w.org\/{rel}","templated":true}]}}