
{"id":111484,"date":"2023-07-20T09:58:57","date_gmt":"2023-07-20T12:58:57","guid":{"rendered":"https:\/\/www.sudoestehoje.com.br\/novoportal\/?p=111484"},"modified":"2023-07-20T09:58:57","modified_gmt":"2023-07-20T12:58:57","slug":"itapetinga-tribunal-de-justica-intima-aplb-da-decisao-que-julgou-ilegal-a-greve-dos-professores-em-itapetinga","status":"publish","type":"post","link":"https:\/\/www.sudoestehoje.com.br\/novoportal\/2023\/07\/20\/itapetinga-tribunal-de-justica-intima-aplb-da-decisao-que-julgou-ilegal-a-greve-dos-professores-em-itapetinga\/","title":{"rendered":"ITAPETINGA | TRIBUNAL DE JUSTI\u00c7A INTIMA APLB DA DECIS\u00c3O QUE JULGOU ILEGAL A GREVE DOS PROFESSORES EM ITAPETINGA"},"content":{"rendered":"<p><img loading=\"lazy\" decoding=\"async\" class=\"alignnone size-full wp-image-111341\" src=\"https:\/\/www.sudoestehoje.com.br\/novoportal\/wp-content\/uploads\/2023\/07\/BANNER-LINEUP-550x100-2.gif\" alt=\"\" width=\"550\" height=\"100\" \/><\/p>\n<p><img loading=\"lazy\" decoding=\"async\" class=\"alignnone  wp-image-111488\" src=\"https:\/\/www.sudoestehoje.com.br\/novoportal\/wp-content\/uploads\/2023\/07\/conjur-direito-adminitrativo-coluna1488923308-1-600x315.webp\" alt=\"\" width=\"550\" height=\"289\" srcset=\"https:\/\/www.sudoestehoje.com.br\/novoportal\/wp-content\/uploads\/2023\/07\/conjur-direito-adminitrativo-coluna1488923308-1-600x315.webp 600w, https:\/\/www.sudoestehoje.com.br\/novoportal\/wp-content\/uploads\/2023\/07\/conjur-direito-adminitrativo-coluna1488923308-1-700x368.webp 700w, https:\/\/www.sudoestehoje.com.br\/novoportal\/wp-content\/uploads\/2023\/07\/conjur-direito-adminitrativo-coluna1488923308-1.webp 744w\" sizes=\"auto, (max-width: 550px) 100vw, 550px\" \/><\/p>\n<p><strong>Na tarde de ontem (19), o Tribunal de Justi\u00e7a da Bahia intimou o sindicato APLB de Itapetinga para dar comprimento \u00e0 decis\u00e3o que julgou ilegal a greve dos professores no munic\u00edpio.\u00a0<\/strong><\/p>\n<p><strong>A cita\u00e7\u00e3o aconteceu por meio eletr\u00f4nico, \u00e0s 15h30, segundo informa\u00e7\u00e3o da secretaria do TJ e a procuradoria jur\u00eddica do munic\u00edpio, ao Sudoeste Hoje.<\/strong><\/p>\n<p><strong>Assim, todas as determina\u00e7\u00f5es e imputa\u00e7\u00f5es contidas na decis\u00e3o, como multa di\u00e1ria de R$ 10 mil pelo n\u00e3o cumprimento, corte de pontos dos professores grevistas e retorno imediato \u00e0s atividades escolares, j\u00e1 est\u00e3o em pleno vigor, segundo dispositivos contidos na senten\u00e7a do TJ.<\/strong><\/p>\n<p><strong>Por Davi Ferraz<\/strong><\/p>\n","protected":false},"excerpt":{"rendered":"<p>Na tarde de ontem (19), o Tribunal de Justi\u00e7a da Bahia intimou o sindicato APLB de Itapetinga para dar comprimento \u00e0 decis\u00e3o que julgou ilegal a greve dos professores no munic\u00edpio.\u00a0 A cita\u00e7\u00e3o aconteceu por meio eletr\u00f4nico, \u00e0s 15h30, segundo informa\u00e7\u00e3o da secretaria do TJ e a procuradoria jur\u00eddica do munic\u00edpio, ao Sudoeste Hoje. Assim, [&hellip;]<\/p>\n","protected":false},"author":2,"featured_media":111487,"comment_status":"closed","ping_status":"open","sticky":false,"template":"","format":"standard","meta":{"footnotes":"","_links_to":"","_links_to_target":""},"categories":[1],"tags":[],"class_list":["post-111484","post","type-post","status-publish","format-standard","has-post-thumbnail","hentry","category-geral"],"views":1218,"_links":{"self":[{"href":"https:\/\/www.sudoestehoje.com.br\/novoportal\/wp-json\/wp\/v2\/posts\/111484","targetHints":{"allow":["GET"]}}],"collection":[{"href":"https:\/\/www.sudoestehoje.com.br\/novoportal\/wp-json\/wp\/v2\/posts"}],"about":[{"href":"https:\/\/www.sudoestehoje.com.br\/novoportal\/wp-json\/wp\/v2\/types\/post"}],"author":[{"embeddable":true,"href":"https:\/\/www.sudoestehoje.com.br\/novoportal\/wp-json\/wp\/v2\/users\/2"}],"replies":[{"embeddable":true,"href":"https:\/\/www.sudoestehoje.com.br\/novoportal\/wp-json\/wp\/v2\/comments?post=111484"}],"version-history":[{"count":3,"href":"https:\/\/www.sudoestehoje.com.br\/novoportal\/wp-json\/wp\/v2\/posts\/111484\/revisions"}],"predecessor-version":[{"id":111490,"href":"https:\/\/www.sudoestehoje.com.br\/novoportal\/wp-json\/wp\/v2\/posts\/111484\/revisions\/111490"}],"wp:featuredmedia":[{"embeddable":true,"href":"https:\/\/www.sudoestehoje.com.br\/novoportal\/wp-json\/wp\/v2\/media\/111487"}],"wp:attachment":[{"href":"https:\/\/www.sudoestehoje.com.br\/novoportal\/wp-json\/wp\/v2\/media?parent=111484"}],"wp:term":[{"taxonomy":"category","embeddable":true,"href":"https:\/\/www.sudoestehoje.com.br\/novoportal\/wp-json\/wp\/v2\/categories?post=111484"},{"taxonomy":"post_tag","embeddable":true,"href":"https:\/\/www.sudoestehoje.com.br\/novoportal\/wp-json\/wp\/v2\/tags?post=111484"}],"curies":[{"name":"wp","href":"https:\/\/api.w.org\/{rel}","templated":true}]}}